{"id":996,"date":"2011-02-15T10:04:18","date_gmt":"2011-02-15T10:04:18","guid":{"rendered":"http:\/\/www.bvvizela.pt\/site\/?p=996"},"modified":"2011-02-16T14:25:30","modified_gmt":"2011-02-16T14:25:30","slug":"instituto-de-meteorologia-avisos-braga","status":"publish","type":"post","link":"https:\/\/www.bvvizela.pt\/site\/instituto-de-meteorologia-avisos-braga\/","title":{"rendered":"**Instituto de Meteorologia &#8211; Avisos Braga**"},"content":{"rendered":"<p><strong>Vermelho<br \/>\n*Agita\u00e7\u00e3o Mar\u00edtima*<br \/>\n<span style=\"font-weight: normal;\">Ondas de noroeste com 6 a 8 metros, aumentando para 8 a 10 metros.<\/span><\/p>\n<p><span style=\"font-weight: normal;\">V\u00e1lido entre 2011-02-16 14:00:00 e 2011-02-17 17:59:59<\/span><\/p>\n<p>Laranja<br \/>\n*Vento*<br \/>\n<span style=\"font-weight: normal;\">Nas terras altas: rajadas da ordem dos 100 km\/h. No litoral: rajadas\u00a0da ordem dos 90 km\/h.<\/span><\/p>\n<p><span style=\"font-weight: normal;\">V\u00e1lido entre 2011-02-16 14:00:00 e 2011-02-17 20:59:59<\/span><\/p>\n<p>Amarelo<br \/>\n*Precipita\u00e7\u00e3o*<br \/>\n<span style=\"font-weight: normal;\">Aguaceiros, por vezes fortes, acompanhados de trovoada, de queda de\u00a0granizo e de rajadas de vento.<\/span><\/p>\n<p><span style=\"font-weight: normal;\">V\u00e1lido entre 2011-02-16 14:00:00 e 2011-02-17 11:59:59<\/span><br \/>\n<\/strong><\/p>\n<p><strong><br \/>\nAmarelo<br \/>\n*Neve*<br \/>\n<span style=\"font-weight: normal;\">Aguaceiros de neve acima dos 600\/800 metros<\/span>.<\/p>\n<p><span style=\"font-weight: normal;\">V\u00e1lido entre 2011-02-16 14:00:00 e 2011-02-17 17:59:59<\/span><\/strong><\/p>\n<p><strong><span style=\"font-weight: normal;\"><br \/>\n<\/span><\/strong><\/p>\n<p><strong><span style=\"font-weight: normal;\">Mais informa\u00e7\u00e3o sobre os avisos no portal do Instituto de\u00a0Meteorologia &lt;<a href=\"http:\/\/www.meteo.pt\/pt\/html_sam.jsp\" target=\"_blank\" rel=\"noopener\">http:\/\/www.meteo.pt\/pt\/html_sam.jsp<\/a>&gt;<\/span><\/strong><\/p>\n","protected":false},"excerpt":{"rendered":"<p>Vermelho *Agita\u00e7\u00e3o Mar\u00edtima* Ondas de noroeste com 6 a 8 metros, aumentando para 8 a 10 metros. V\u00e1lido entre 2011-02-16 14:00:00 e 2011-02-17 17:59:59 Laranja *Vento* Nas terras altas: rajadas da ordem dos 100 km\/h. No litoral: rajadas\u00a0da ordem dos<\/p>\n","protected":false},"author":6,"featured_media":0,"comment_status":"open","ping_status":"closed","sticky":false,"template":"","format":"standard","meta":{"ngg_post_thumbnail":0,"footnotes":""},"categories":[1],"tags":[],"class_list":["post-996","post","type-post","status-publish","format-standard","hentry","category-noticias"],"_links":{"self":[{"href":"https:\/\/www.bvvizela.pt\/site\/wp-json\/wp\/v2\/posts\/996","targetHints":{"allow":["GET"]}}],"collection":[{"href":"https:\/\/www.bvvizela.pt\/site\/wp-json\/wp\/v2\/posts"}],"about":[{"href":"https:\/\/www.bvvizela.pt\/site\/wp-json\/wp\/v2\/types\/post"}],"author":[{"embeddable":true,"href":"https:\/\/www.bvvizela.pt\/site\/wp-json\/wp\/v2\/users\/6"}],"replies":[{"embeddable":true,"href":"https:\/\/www.bvvizela.pt\/site\/wp-json\/wp\/v2\/comments?post=996"}],"version-history":[{"count":21,"href":"https:\/\/www.bvvizela.pt\/site\/wp-json\/wp\/v2\/posts\/996\/revisions"}],"predecessor-version":[{"id":998,"href":"https:\/\/www.bvvizela.pt\/site\/wp-json\/wp\/v2\/posts\/996\/revisions\/998"}],"wp:attachment":[{"href":"https:\/\/www.bvvizela.pt\/site\/wp-json\/wp\/v2\/media?parent=996"}],"wp:term":[{"taxonomy":"category","embeddable":true,"href":"https:\/\/www.bvvizela.pt\/site\/wp-json\/wp\/v2\/categories?post=996"},{"taxonomy":"post_tag","embeddable":true,"href":"https:\/\/www.bvvizela.pt\/site\/wp-json\/wp\/v2\/tags?post=996"}],"curies":[{"name":"wp","href":"https:\/\/api.w.org\/{rel}","templated":true}]}}