{"id":992,"date":"2010-11-11T15:17:21","date_gmt":"2010-11-11T15:17:21","guid":{"rendered":"http:\/\/www.bvvizela.pt\/site\/?p=992"},"modified":"2010-11-27T09:41:18","modified_gmt":"2010-11-27T09:41:18","slug":"incendio-num-veiculo-em-moreira-de-conegos","status":"publish","type":"post","link":"https:\/\/www.bvvizela.pt\/site\/incendio-num-veiculo-em-moreira-de-conegos\/","title":{"rendered":"Inc\u00eandio num Ve\u00edculo em Moreira de C\u00f3negos"},"content":{"rendered":"<p style=\"text-align: justify;\">Pelas 10:45h do dia 10 de Novembro, os Bombeiros foram activados para um inc\u00eandio num ve\u00edculo (Renault Kangoo-5 lugares) na avenida Santa Marta \u2013 Moreira de C\u00f3negos.<\/p>\n<p style=\"text-align: justify;\">Foram para o local 2 viaturas, um VLCI-03 e VRCI-01, com 7 elementos no total. Apesar da prontid\u00e3o da resposta, \u00e0 chegada ao local verificou-se que o ve\u00edculo j\u00e1 estava completamente tomado pelas chamas. N\u00e3o houve vitimas a lamentar.<\/p>\n<p style=\"text-align: justify;\">Os trabalhos de extin\u00e7\u00e3o duraram cerca de 1h.<\/p>\n","protected":false},"excerpt":{"rendered":"<p>Pelas 10:45h do dia 10 de Novembro, os Bombeiros foram activados para um inc\u00eandio num ve\u00edculo (Renault Kangoo-5 lugares) na avenida Santa Marta \u2013 Moreira de C\u00f3negos. Foram para o local 2 viaturas, um VLCI-03 e VRCI-01, com 7 elementos<\/p>\n","protected":false},"author":6,"featured_media":0,"comment_status":"open","ping_status":"closed","sticky":false,"template":"","format":"standard","meta":{"ngg_post_thumbnail":0,"footnotes":""},"categories":[1],"tags":[],"class_list":["post-992","post","type-post","status-publish","format-standard","hentry","category-noticias"],"_links":{"self":[{"href":"https:\/\/www.bvvizela.pt\/site\/wp-json\/wp\/v2\/posts\/992","targetHints":{"allow":["GET"]}}],"collection":[{"href":"https:\/\/www.bvvizela.pt\/site\/wp-json\/wp\/v2\/posts"}],"about":[{"href":"https:\/\/www.bvvizela.pt\/site\/wp-json\/wp\/v2\/types\/post"}],"author":[{"embeddable":true,"href":"https:\/\/www.bvvizela.pt\/site\/wp-json\/wp\/v2\/users\/6"}],"replies":[{"embeddable":true,"href":"https:\/\/www.bvvizela.pt\/site\/wp-json\/wp\/v2\/comments?post=992"}],"version-history":[{"count":3,"href":"https:\/\/www.bvvizela.pt\/site\/wp-json\/wp\/v2\/posts\/992\/revisions"}],"predecessor-version":[{"id":994,"href":"https:\/\/www.bvvizela.pt\/site\/wp-json\/wp\/v2\/posts\/992\/revisions\/994"}],"wp:attachment":[{"href":"https:\/\/www.bvvizela.pt\/site\/wp-json\/wp\/v2\/media?parent=992"}],"wp:term":[{"taxonomy":"category","embeddable":true,"href":"https:\/\/www.bvvizela.pt\/site\/wp-json\/wp\/v2\/categories?post=992"},{"taxonomy":"post_tag","embeddable":true,"href":"https:\/\/www.bvvizela.pt\/site\/wp-json\/wp\/v2\/tags?post=992"}],"curies":[{"name":"wp","href":"https:\/\/api.w.org\/{rel}","templated":true}]}}