{"id":981,"date":"2010-11-10T09:15:18","date_gmt":"2010-11-10T09:15:18","guid":{"rendered":"http:\/\/www.bvvizela.pt\/site\/?p=981"},"modified":"2010-11-27T09:41:42","modified_gmt":"2010-11-27T09:41:42","slug":"incendio-na-universidade-do-minho","status":"publish","type":"post","link":"https:\/\/www.bvvizela.pt\/site\/incendio-na-universidade-do-minho\/","title":{"rendered":"Inc\u00eandio na Universidade do Minho &#8211; P\u00f3lo de Guimar\u00e3es"},"content":{"rendered":"<p>Hoje, dia 10, foi dado o alerta para aux\u00edlio aos Bombeiros de Guimar\u00e3es para o Combate de um inc\u00eandio na Universidade do Minho \u2013 Guimar\u00e3es, que consumiu um pavilh\u00e3o da parte da Engenharia Civil e Mec\u00e2nica e que era usado como armaz\u00e9m de material afectos aos referidos cursos. Apenas existiram perdas avultadas n\u00e3o havendo vitimas a lamentar.<\/p>\n<p>Os Bombeiros de Vizela compareceram com um VECI com 6 elementos e \u00e0 chegada j\u00e1 o inc\u00eandio estava a entrar em fase de rescaldo, visto que o armaz\u00e9m foi todo tomado e o ataque inicial foi o ideal, dadas \u00e0s dimens\u00f5es deste. A equipa de Vizela actuou no abastecimento das viaturas e na parte do rescaldo.<\/p>\n<p>Al\u00e9m de Guimar\u00e3es e Vizela estiveram ainda os Bombeiros das Taipas.<\/p>\nngg_shortcode_0_placeholder\n","protected":false},"excerpt":{"rendered":"<p>Hoje, dia 10, foi dado o alerta para aux\u00edlio aos Bombeiros de Guimar\u00e3es para o Combate de um inc\u00eandio na Universidade do Minho \u2013 Guimar\u00e3es, que consumiu um pavilh\u00e3o da parte da Engenharia Civil e Mec\u00e2nica e que era usado<\/p>\n","protected":false},"author":6,"featured_media":0,"comment_status":"open","ping_status":"closed","sticky":false,"template":"","format":"standard","meta":{"ngg_post_thumbnail":0,"footnotes":""},"categories":[1],"tags":[],"class_list":["post-981","post","type-post","status-publish","format-standard","hentry","category-noticias"],"_links":{"self":[{"href":"https:\/\/www.bvvizela.pt\/site\/wp-json\/wp\/v2\/posts\/981","targetHints":{"allow":["GET"]}}],"collection":[{"href":"https:\/\/www.bvvizela.pt\/site\/wp-json\/wp\/v2\/posts"}],"about":[{"href":"https:\/\/www.bvvizela.pt\/site\/wp-json\/wp\/v2\/types\/post"}],"author":[{"embeddable":true,"href":"https:\/\/www.bvvizela.pt\/site\/wp-json\/wp\/v2\/users\/6"}],"replies":[{"embeddable":true,"href":"https:\/\/www.bvvizela.pt\/site\/wp-json\/wp\/v2\/comments?post=981"}],"version-history":[{"count":9,"href":"https:\/\/www.bvvizela.pt\/site\/wp-json\/wp\/v2\/posts\/981\/revisions"}],"predecessor-version":[{"id":1074,"href":"https:\/\/www.bvvizela.pt\/site\/wp-json\/wp\/v2\/posts\/981\/revisions\/1074"}],"wp:attachment":[{"href":"https:\/\/www.bvvizela.pt\/site\/wp-json\/wp\/v2\/media?parent=981"}],"wp:term":[{"taxonomy":"category","embeddable":true,"href":"https:\/\/www.bvvizela.pt\/site\/wp-json\/wp\/v2\/categories?post=981"},{"taxonomy":"post_tag","embeddable":true,"href":"https:\/\/www.bvvizela.pt\/site\/wp-json\/wp\/v2\/tags?post=981"}],"curies":[{"name":"wp","href":"https:\/\/api.w.org\/{rel}","templated":true}]}}