{"id":97,"date":"2010-05-01T11:40:33","date_gmt":"2010-05-01T10:40:33","guid":{"rendered":"http:\/\/www.bvvizela.pt\/site\/?p=97"},"modified":"2010-10-01T21:36:48","modified_gmt":"2010-10-01T20:36:48","slug":"aniversario-bv-vizela","status":"publish","type":"post","link":"https:\/\/www.bvvizela.pt\/site\/aniversario-bv-vizela\/","title":{"rendered":"133 \u00ba ANIVERS\u00c1RIO \u2013 8 de Maio"},"content":{"rendered":"<p><img loading=\"lazy\" decoding=\"async\" class=\"aligncenter size-full wp-image-98\" title=\"anv\" src=\"http:\/\/www.bvvizela.pt\/site\/wp-content\/uploads\/anv.jpg\" alt=\"\" width=\"590\" height=\"300\" srcset=\"https:\/\/www.bvvizela.pt\/site\/wp-content\/uploads\/anv.jpg 590w, https:\/\/www.bvvizela.pt\/site\/wp-content\/uploads\/anv-300x152.jpg 300w\" sizes=\"auto, (max-width: 590px) 100vw, 590px\" \/><\/p>\n<p>Os Bombeiros Volunt\u00e1rios de Vizela, comemoraram no passado dia 8 de Maio, o seu 133\u00ba Anivers\u00e1rio. Veja ou reveja alguns dos momentos altos das comemora\u00e7\u00f5es, com destaque para as actividades oficiais\u00a0de Domingo, dia 9.<\/p>\nngg_shortcode_0_placeholder\n","protected":false},"excerpt":{"rendered":"<p>Os Bombeiros Volunt\u00e1rios de Vizela, comemoraram no passado dia 8 de Maio, o seu 133\u00ba Anivers\u00e1rio. Veja ou reveja alguns dos momentos altos das comemora\u00e7\u00f5es, com destaque para as actividades oficiais\u00a0de Domingo, dia 9.<\/p>\n","protected":false},"author":6,"featured_media":0,"comment_status":"open","ping_status":"closed","sticky":false,"template":"","format":"standard","meta":{"ngg_post_thumbnail":0,"footnotes":""},"categories":[1],"tags":[],"class_list":["post-97","post","type-post","status-publish","format-standard","hentry","category-noticias"],"_links":{"self":[{"href":"https:\/\/www.bvvizela.pt\/site\/wp-json\/wp\/v2\/posts\/97","targetHints":{"allow":["GET"]}}],"collection":[{"href":"https:\/\/www.bvvizela.pt\/site\/wp-json\/wp\/v2\/posts"}],"about":[{"href":"https:\/\/www.bvvizela.pt\/site\/wp-json\/wp\/v2\/types\/post"}],"author":[{"embeddable":true,"href":"https:\/\/www.bvvizela.pt\/site\/wp-json\/wp\/v2\/users\/6"}],"replies":[{"embeddable":true,"href":"https:\/\/www.bvvizela.pt\/site\/wp-json\/wp\/v2\/comments?post=97"}],"version-history":[{"count":14,"href":"https:\/\/www.bvvizela.pt\/site\/wp-json\/wp\/v2\/posts\/97\/revisions"}],"predecessor-version":[{"id":6630,"href":"https:\/\/www.bvvizela.pt\/site\/wp-json\/wp\/v2\/posts\/97\/revisions\/6630"}],"wp:attachment":[{"href":"https:\/\/www.bvvizela.pt\/site\/wp-json\/wp\/v2\/media?parent=97"}],"wp:term":[{"taxonomy":"category","embeddable":true,"href":"https:\/\/www.bvvizela.pt\/site\/wp-json\/wp\/v2\/categories?post=97"},{"taxonomy":"post_tag","embeddable":true,"href":"https:\/\/www.bvvizela.pt\/site\/wp-json\/wp\/v2\/tags?post=97"}],"curies":[{"name":"wp","href":"https:\/\/api.w.org\/{rel}","templated":true}]}}