{"id":966,"date":"2010-11-04T01:47:58","date_gmt":"2010-11-04T01:47:58","guid":{"rendered":"http:\/\/www.bvvizela.pt\/site\/?p=966"},"modified":"2010-11-04T11:19:36","modified_gmt":"2010-11-04T11:19:36","slug":"presidente-da-assembleia-geral-homenageado","status":"publish","type":"post","link":"https:\/\/www.bvvizela.pt\/site\/presidente-da-assembleia-geral-homenageado\/","title":{"rendered":"Presidente da Assembleia Geral homenageado"},"content":{"rendered":"<p style=\"text-align: justify;\">O Tenente-General Cipriano Alves, Presidente da Assembleia Geral desta Associa\u00e7\u00e3o, foi esta noite homenageado como &#8220;Profissional do Ano&#8221; pelo Rotary Clube de Vizela.<\/p>\n<p style=\"text-align: justify;\">Na\u00a0cerim\u00f3nia &#8211; que contou com os convidados surpresa Prof. Veiga Sim\u00e3o (ministro da defesa entre 1997 e 1999, altura em que o homenageado foi seu chefe de gabinete) e o General Carlos Azeredo &#8211;\u00a0foram destacados pontos importantes da sua brilhante carreira profissional, e o seu papel activo actual em algumas Associa\u00e7\u00f5es do nosso Concelho &#8211; com destaque para o cargo de Presidente da Assembleia Geral da Real Associa\u00e7\u00e3o Humanit\u00e1ria dos Bombeiros Volunt\u00e1rios de Vizela.<\/p>\n<p style=\"text-align: justify;\">Entre os muitos convidados e elementos rot\u00e1rios, notou-se a presen\u00e7a de\u00a0v\u00e1rios dirigentes e antigos dirigentes da nossa Associa\u00e7\u00e3o, como o actual Presidente da Direc\u00e7\u00e3o, Jo\u00e3o Il\u00eddio\u00a0Costa e o presidente anterior, Ant\u00f3nio Manuel Pacheco.<\/p>\n<p style=\"text-align: justify;\"><a href=\"http:\/\/www.bvvizela.pt\/site\/wp-content\/uploads\/rotary1.jpg\"><img loading=\"lazy\" decoding=\"async\" class=\"alignleft size-medium wp-image-967\" title=\"rotary1\" src=\"http:\/\/www.bvvizela.pt\/site\/wp-content\/uploads\/rotary1-300x227.jpg\" alt=\"\" width=\"300\" height=\"227\" srcset=\"https:\/\/www.bvvizela.pt\/site\/wp-content\/uploads\/rotary1-300x227.jpg 300w, https:\/\/www.bvvizela.pt\/site\/wp-content\/uploads\/rotary1.jpg 1024w\" sizes=\"auto, (max-width: 300px) 100vw, 300px\" \/><\/a><\/p>\n<p style=\"text-align: justify;\">\u00a0<\/p>\n<p>\u00a0<\/p>\n<p><a href=\"http:\/\/www.bvvizela.pt\/site\/wp-content\/uploads\/DSC00195.jpg\"><img loading=\"lazy\" decoding=\"async\" class=\"alignleft size-medium wp-image-968\" title=\"DSC00195\" src=\"http:\/\/www.bvvizela.pt\/site\/wp-content\/uploads\/DSC00195-300x168.jpg\" alt=\"\" width=\"300\" height=\"168\" srcset=\"https:\/\/www.bvvizela.pt\/site\/wp-content\/uploads\/DSC00195-300x168.jpg 300w, https:\/\/www.bvvizela.pt\/site\/wp-content\/uploads\/DSC00195.jpg 1024w\" sizes=\"auto, (max-width: 300px) 100vw, 300px\" \/><\/a><\/p>\n","protected":false},"excerpt":{"rendered":"<p>O Tenente-General Cipriano Alves, Presidente da Assembleia Geral desta Associa\u00e7\u00e3o, foi esta noite homenageado como &#8220;Profissional do Ano&#8221; pelo Rotary Clube de Vizela. Na\u00a0cerim\u00f3nia &#8211; que contou com os convidados surpresa Prof. Veiga Sim\u00e3o (ministro da defesa entre 1997 e<\/p>\n","protected":false},"author":3,"featured_media":0,"comment_status":"open","ping_status":"closed","sticky":false,"template":"","format":"standard","meta":{"ngg_post_thumbnail":0,"footnotes":""},"categories":[1],"tags":[],"class_list":["post-966","post","type-post","status-publish","format-standard","hentry","category-noticias"],"_links":{"self":[{"href":"https:\/\/www.bvvizela.pt\/site\/wp-json\/wp\/v2\/posts\/966","targetHints":{"allow":["GET"]}}],"collection":[{"href":"https:\/\/www.bvvizela.pt\/site\/wp-json\/wp\/v2\/posts"}],"about":[{"href":"https:\/\/www.bvvizela.pt\/site\/wp-json\/wp\/v2\/types\/post"}],"author":[{"embeddable":true,"href":"https:\/\/www.bvvizela.pt\/site\/wp-json\/wp\/v2\/users\/3"}],"replies":[{"embeddable":true,"href":"https:\/\/www.bvvizela.pt\/site\/wp-json\/wp\/v2\/comments?post=966"}],"version-history":[{"count":2,"href":"https:\/\/www.bvvizela.pt\/site\/wp-json\/wp\/v2\/posts\/966\/revisions"}],"predecessor-version":[{"id":970,"href":"https:\/\/www.bvvizela.pt\/site\/wp-json\/wp\/v2\/posts\/966\/revisions\/970"}],"wp:attachment":[{"href":"https:\/\/www.bvvizela.pt\/site\/wp-json\/wp\/v2\/media?parent=966"}],"wp:term":[{"taxonomy":"category","embeddable":true,"href":"https:\/\/www.bvvizela.pt\/site\/wp-json\/wp\/v2\/categories?post=966"},{"taxonomy":"post_tag","embeddable":true,"href":"https:\/\/www.bvvizela.pt\/site\/wp-json\/wp\/v2\/tags?post=966"}],"curies":[{"name":"wp","href":"https:\/\/api.w.org\/{rel}","templated":true}]}}