{"id":946,"date":"2010-11-03T10:30:13","date_gmt":"2010-11-03T10:30:13","guid":{"rendered":"http:\/\/www.bvvizela.pt\/site\/?p=946"},"modified":"2010-11-03T14:25:17","modified_gmt":"2010-11-03T14:25:17","slug":"sismo-sentido-no-continente-02-11-2010-2336","status":"publish","type":"post","link":"https:\/\/www.bvvizela.pt\/site\/sismo-sentido-no-continente-02-11-2010-2336\/","title":{"rendered":"Sismo Sentido no Continente 02-11-2010 23:36"},"content":{"rendered":"<p style=\"text-align: left;\">\n<p style=\"text-align: justify;\">O Instituto de Meteorologia informa que no dia 02-11-2010 pelas 23:36 (hora local) foi registado nas esta\u00e7\u00f5es da Rede S\u00edsmica do Continente, um sismo de magnitude 2.1 (Richter) e cujo epicentro se localizou pr\u00f3ximo de Maia. Este sismo, de acordo com a informa\u00e7\u00e3o dispon\u00edvel at\u00e9 ao momento, n\u00e3o causou danos pessoais ou materiais e foi sentido com intensidade m\u00e1xima II (escala de Mercalli modificada) na regi\u00e3o da Maia. Poder\u00e1 obter mais informa\u00e7\u00f5es atrav\u00e9s da p\u00e1gina do IM na Internet (<a href=\"http:\/\/www.meteo.pt\" target=\"_blank\" rel=\"noopener\">www.meteo.pt<\/a>) e\u00a0obter eventuais recomenda\u00e7\u00f5es junto da Autoridade\u00a0Nacional de Protec\u00e7\u00e3o Civil (<a href=\"http:\/\/www.prociv.pt\" target=\"_blank\" rel=\"noopener\">www.prociv.pt<\/a>).<\/p>\n<p style=\"text-align: justify;\">\n<p style=\"text-align: justify;\">De salientar que o referido sismo n\u00e3o foi sentido na regi\u00e3o de Vizela. N\u00e3o tendo existido qualquer situa\u00e7\u00e3o de alerta em virtude deste.<\/p>\n<p style=\"text-align: justify;\">\n<p style=\"text-align: justify;\">Ler mais &lt;<a href=\"http:\/\/www.meteo.pt\/pt\/sismologia\/comunicados\/\" target=\"_blank\" rel=\"noopener\">http:\/\/www.meteo.pt\/pt\/sismologia\/comunicados\/<\/a>&gt;<\/p>\n","protected":false},"excerpt":{"rendered":"<p>O Instituto de Meteorologia informa que no dia 02-11-2010 pelas 23:36 (hora local) foi registado nas esta\u00e7\u00f5es da Rede S\u00edsmica do Continente, um sismo de magnitude 2.1 (Richter) e cujo epicentro se localizou pr\u00f3ximo de Maia. Este sismo, de acordo<\/p>\n","protected":false},"author":2,"featured_media":0,"comment_status":"open","ping_status":"closed","sticky":false,"template":"","format":"standard","meta":{"ngg_post_thumbnail":0,"footnotes":""},"categories":[1],"tags":[],"class_list":["post-946","post","type-post","status-publish","format-standard","hentry","category-noticias"],"_links":{"self":[{"href":"https:\/\/www.bvvizela.pt\/site\/wp-json\/wp\/v2\/posts\/946","targetHints":{"allow":["GET"]}}],"collection":[{"href":"https:\/\/www.bvvizela.pt\/site\/wp-json\/wp\/v2\/posts"}],"about":[{"href":"https:\/\/www.bvvizela.pt\/site\/wp-json\/wp\/v2\/types\/post"}],"author":[{"embeddable":true,"href":"https:\/\/www.bvvizela.pt\/site\/wp-json\/wp\/v2\/users\/2"}],"replies":[{"embeddable":true,"href":"https:\/\/www.bvvizela.pt\/site\/wp-json\/wp\/v2\/comments?post=946"}],"version-history":[{"count":6,"href":"https:\/\/www.bvvizela.pt\/site\/wp-json\/wp\/v2\/posts\/946\/revisions"}],"predecessor-version":[{"id":948,"href":"https:\/\/www.bvvizela.pt\/site\/wp-json\/wp\/v2\/posts\/946\/revisions\/948"}],"wp:attachment":[{"href":"https:\/\/www.bvvizela.pt\/site\/wp-json\/wp\/v2\/media?parent=946"}],"wp:term":[{"taxonomy":"category","embeddable":true,"href":"https:\/\/www.bvvizela.pt\/site\/wp-json\/wp\/v2\/categories?post=946"},{"taxonomy":"post_tag","embeddable":true,"href":"https:\/\/www.bvvizela.pt\/site\/wp-json\/wp\/v2\/tags?post=946"}],"curies":[{"name":"wp","href":"https:\/\/api.w.org\/{rel}","templated":true}]}}