{"id":925,"date":"2010-11-02T22:07:50","date_gmt":"2010-11-02T22:07:50","guid":{"rendered":"http:\/\/www.bvvizela.pt\/site\/?p=925"},"modified":"2010-11-27T09:42:54","modified_gmt":"2010-11-27T09:42:54","slug":"datas-dos-peditorios-para-o-natal-do-bombeiro","status":"publish","type":"post","link":"https:\/\/www.bvvizela.pt\/site\/datas-dos-peditorios-para-o-natal-do-bombeiro\/","title":{"rendered":"Datas dos Pedit\u00f3rios Para o Natal do Bombeiro"},"content":{"rendered":"<p style=\"text-align: center;\"><strong>Real Associa\u00e7\u00e3o Humanit\u00e1ria dos Bombeiros Volunt\u00e1rios de Vizela <\/strong><\/p>\n<p style=\"text-align: center;\"><strong>&#8211; Pedit\u00f3rios para o Natal do Bombeiro &#8211;<\/strong><\/p>\n<p style=\"text-align: justify;\"><strong> <\/strong><br \/>\nAo aproximar-se esta \u00e9poca Natal\u00edcia, vimos junto de toda a popula\u00e7\u00e3o lembrar que, nesta altura do ano em que o cora\u00e7\u00e3o dos homens se manifesta de uma forma mais amiga e solid\u00e1ria \u00e9 costume ser oferecido um Natal melhor a todos aqueles que, de forma altru\u00edsta e desinteressada, se disponibilizam dia e noite, em todos os dias do ano, para acorrerem a todas as solicita\u00e7\u00f5es de socorro. Para que se consiga atingir o objectivo pretendido, apelamos a colabora\u00e7\u00e3o de todos quantos valorizam e praticam a solidariedade, para tal a comiss\u00e3o organizadora levar\u00e1 a efeito os pedit\u00f3rios das freguesias nas seguintes datas.<\/p>\n<p><strong><span style=\"text-decoration: underline;\">CALEND\u00c1RIO DOS PEDIT\u00d3RIOS<\/span><\/strong><br \/>\nFREGUESIAS \u00a0 \u00a0 \u00a0DIAS<\/p>\n<table border=\"0\" cellspacing=\"0\" cellpadding=\"0\" width=\"287\">\n<tbody>\n<tr>\n<td colspan=\"2\" width=\"287\" valign=\"bottom\"><strong>M\u00eas de Novembro<\/strong><\/td>\n<\/tr>\n<tr>\n<td width=\"149\" valign=\"bottom\"><\/td>\n<td width=\"138\" valign=\"bottom\"><\/td>\n<\/tr>\n<tr>\n<td width=\"149\" valign=\"bottom\">Sta Eul\u00e1lia<\/td>\n<td width=\"138\" valign=\"bottom\">Sabado e Domingo<\/td>\n<\/tr>\n<tr>\n<td width=\"149\" valign=\"bottom\"><\/td>\n<td width=\"138\" valign=\"bottom\">6 e 7<\/td>\n<\/tr>\n<tr>\n<td width=\"149\" valign=\"bottom\"><\/td>\n<td width=\"138\" valign=\"bottom\"><\/td>\n<\/tr>\n<tr>\n<td width=\"149\" valign=\"bottom\">Moreira de C\u00f3negos<\/td>\n<td width=\"138\" valign=\"bottom\">S\u00e1bado<\/td>\n<\/tr>\n<tr>\n<td width=\"149\" valign=\"bottom\"><\/td>\n<td width=\"138\" valign=\"bottom\">13<\/td>\n<\/tr>\n<tr>\n<td width=\"149\" valign=\"bottom\"><\/td>\n<td width=\"138\" valign=\"bottom\"><\/td>\n<\/tr>\n<tr>\n<td colspan=\"2\" width=\"287\" valign=\"bottom\"><strong>M\u00eas de Dezembro<\/strong><\/td>\n<\/tr>\n<tr>\n<td width=\"149\" valign=\"bottom\"><\/td>\n<td width=\"138\" valign=\"bottom\"><\/td>\n<\/tr>\n<tr>\n<td width=\"149\" valign=\"bottom\">Nespereira<\/td>\n<td width=\"138\" valign=\"bottom\">Sabado e Domingo<\/td>\n<\/tr>\n<tr>\n<td width=\"149\" valign=\"bottom\"><\/td>\n<td width=\"138\" valign=\"bottom\">4 e 5<\/td>\n<\/tr>\n<tr>\n<td width=\"149\" valign=\"bottom\"><\/td>\n<td width=\"138\" valign=\"bottom\"><\/td>\n<\/tr>\n<tr>\n<td width=\"149\" valign=\"bottom\">S. Paio<\/td>\n<td width=\"138\" valign=\"bottom\">Domingo<\/td>\n<\/tr>\n<tr>\n<td width=\"149\" valign=\"bottom\"><\/td>\n<td width=\"138\" valign=\"bottom\">5<\/td>\n<\/tr>\n<tr>\n<td width=\"149\" valign=\"bottom\"><\/td>\n<td width=\"138\" valign=\"bottom\"><\/td>\n<\/tr>\n<tr>\n<td width=\"149\" valign=\"bottom\">S. Faustino<\/td>\n<td width=\"138\" valign=\"bottom\">Domingo<\/td>\n<\/tr>\n<tr>\n<td width=\"149\" valign=\"bottom\"><\/td>\n<td width=\"138\" valign=\"bottom\">5<\/td>\n<\/tr>\n<tr>\n<td width=\"149\" valign=\"bottom\"><\/td>\n<td width=\"138\" valign=\"bottom\"><\/td>\n<\/tr>\n<tr>\n<td width=\"149\" valign=\"bottom\">S. Miguel<\/td>\n<td width=\"138\" valign=\"bottom\">Sabado<\/td>\n<\/tr>\n<tr>\n<td width=\"149\" valign=\"bottom\"><\/td>\n<td width=\"138\" valign=\"bottom\">11<\/td>\n<\/tr>\n<tr>\n<td width=\"149\" valign=\"bottom\"><\/td>\n<td width=\"138\" valign=\"bottom\"><\/td>\n<\/tr>\n<tr>\n<td width=\"149\" valign=\"bottom\">S. Jo\u00e3o<\/td>\n<td width=\"138\" valign=\"bottom\">Sabado<\/td>\n<\/tr>\n<tr>\n<td width=\"149\" valign=\"bottom\"><\/td>\n<td width=\"138\" valign=\"bottom\">11<\/td>\n<\/tr>\n<tr>\n<td width=\"149\" valign=\"bottom\"><\/td>\n<td width=\"138\" valign=\"bottom\"><\/td>\n<\/tr>\n<tr>\n<td width=\"149\" valign=\"bottom\">Gandarela<\/td>\n<td width=\"138\" valign=\"bottom\">Sabado<\/td>\n<\/tr>\n<tr>\n<td width=\"149\" valign=\"bottom\"><\/td>\n<td width=\"138\" valign=\"bottom\">11<\/td>\n<\/tr>\n<tr>\n<td width=\"149\" valign=\"bottom\"><\/td>\n<td width=\"138\" valign=\"bottom\"><\/td>\n<\/tr>\n<tr>\n<td width=\"149\" valign=\"bottom\">Infias<\/td>\n<td width=\"138\" valign=\"bottom\">Sabado e Domingo<\/td>\n<\/tr>\n<tr>\n<td width=\"149\" valign=\"bottom\"><\/td>\n<td width=\"138\" valign=\"bottom\">11 e 12<\/td>\n<\/tr>\n<tr>\n<td width=\"149\" valign=\"bottom\"><\/td>\n<td width=\"138\" valign=\"bottom\"><\/td>\n<\/tr>\n<tr>\n<td width=\"149\" valign=\"bottom\">S. M. Do Conde<\/td>\n<td width=\"138\" valign=\"bottom\">Domingo<\/td>\n<\/tr>\n<tr>\n<td width=\"149\" valign=\"bottom\"><\/td>\n<td width=\"138\" valign=\"bottom\">12<\/td>\n<\/tr>\n<tr>\n<td width=\"149\" valign=\"bottom\"><\/td>\n<td width=\"138\" valign=\"bottom\"><\/td>\n<\/tr>\n<tr>\n<td width=\"149\" valign=\"bottom\">Tagilde<\/td>\n<td width=\"138\" valign=\"bottom\">Domingo<\/td>\n<\/tr>\n<tr>\n<td width=\"149\" valign=\"bottom\"><\/td>\n<td width=\"138\" valign=\"bottom\">12<\/td>\n<\/tr>\n<tr>\n<td width=\"149\" valign=\"bottom\"><\/td>\n<td width=\"138\" valign=\"bottom\"><\/td>\n<\/tr>\n<tr>\n<td width=\"149\" valign=\"bottom\">Sto Adri\u00e3o<\/td>\n<td width=\"138\" valign=\"bottom\">Domingo<\/td>\n<\/tr>\n<tr>\n<td width=\"149\" valign=\"bottom\"><\/td>\n<td width=\"138\" valign=\"bottom\">12<\/td>\n<\/tr>\n<\/tbody>\n<\/table>\n<p>Aproveitamos ainda para avisar toda a popula\u00e7\u00e3o que os pedit\u00f3rios que decorrerem para angaria\u00e7\u00e3o de fundos ser\u00e3o previamente comunicados na comunica\u00e7\u00e3o social, p\u00e1rocos e panfletos informativos. Mais informam que estes ser\u00e3o levados a cabo por pessoal devidamente identificados ou por pessoas que j\u00e1 o fa\u00e7am h\u00e1 muitos anos. Assim sendo, todo e qualquer pedit\u00f3rio que esteja a decorrer fora das datas estabelecidas n\u00e3o ser\u00e1 para os bombeiros.<br \/>\nAlerta-se assim para um falso pedit\u00f3rio a decorrer na freguesia de Caldas de Vizela (S. Miguel) mais propriamente na zona da Lage. A autoridade j\u00e1 est\u00e1 informada da situa\u00e7\u00e3o.<br \/>\nSolicita-se, sempre que poss\u00edvel, que ao decorrerem este tipo de situa\u00e7\u00f5es, n\u00e3o contribuam e informem os bombeiros. Em caso de d\u00favida, telefonem \u00a0para os bombeiros a questionar a veracidade de tal pedit\u00f3rio .<\/p>\n","protected":false},"excerpt":{"rendered":"<p>Real Associa\u00e7\u00e3o Humanit\u00e1ria dos Bombeiros Volunt\u00e1rios de Vizela &#8211; Pedit\u00f3rios para o Natal do Bombeiro &#8211; Ao aproximar-se esta \u00e9poca Natal\u00edcia, vimos junto de toda a popula\u00e7\u00e3o lembrar que, nesta altura do ano em que o cora\u00e7\u00e3o dos homens se<\/p>\n","protected":false},"author":6,"featured_media":0,"comment_status":"open","ping_status":"closed","sticky":false,"template":"","format":"standard","meta":{"ngg_post_thumbnail":0,"footnotes":""},"categories":[1],"tags":[],"class_list":["post-925","post","type-post","status-publish","format-standard","hentry","category-noticias"],"_links":{"self":[{"href":"https:\/\/www.bvvizela.pt\/site\/wp-json\/wp\/v2\/posts\/925","targetHints":{"allow":["GET"]}}],"collection":[{"href":"https:\/\/www.bvvizela.pt\/site\/wp-json\/wp\/v2\/posts"}],"about":[{"href":"https:\/\/www.bvvizela.pt\/site\/wp-json\/wp\/v2\/types\/post"}],"author":[{"embeddable":true,"href":"https:\/\/www.bvvizela.pt\/site\/wp-json\/wp\/v2\/users\/6"}],"replies":[{"embeddable":true,"href":"https:\/\/www.bvvizela.pt\/site\/wp-json\/wp\/v2\/comments?post=925"}],"version-history":[{"count":16,"href":"https:\/\/www.bvvizela.pt\/site\/wp-json\/wp\/v2\/posts\/925\/revisions"}],"predecessor-version":[{"id":1076,"href":"https:\/\/www.bvvizela.pt\/site\/wp-json\/wp\/v2\/posts\/925\/revisions\/1076"}],"wp:attachment":[{"href":"https:\/\/www.bvvizela.pt\/site\/wp-json\/wp\/v2\/media?parent=925"}],"wp:term":[{"taxonomy":"category","embeddable":true,"href":"https:\/\/www.bvvizela.pt\/site\/wp-json\/wp\/v2\/categories?post=925"},{"taxonomy":"post_tag","embeddable":true,"href":"https:\/\/www.bvvizela.pt\/site\/wp-json\/wp\/v2\/tags?post=925"}],"curies":[{"name":"wp","href":"https:\/\/api.w.org\/{rel}","templated":true}]}}