{"id":92,"date":"2010-05-01T11:41:08","date_gmt":"2010-05-01T10:41:08","guid":{"rendered":"http:\/\/www.bvvizela.pt\/site\/?p=92"},"modified":"2010-06-01T20:00:23","modified_gmt":"2010-06-01T19:00:23","slug":"venha-jantar-connosco","status":"publish","type":"post","link":"https:\/\/www.bvvizela.pt\/site\/venha-jantar-connosco\/","title":{"rendered":"Venha Jantar Connosco &#8211; Agradecimento"},"content":{"rendered":"<p style=\"text-align: justify;\"><img loading=\"lazy\" decoding=\"async\" class=\"aligncenter size-full wp-image-93\" title=\"torre\" src=\"http:\/\/www.bvvizela.pt\/site\/wp-content\/uploads\/torre.jpg\" alt=\"\" width=\"590\" height=\"300\" srcset=\"https:\/\/www.bvvizela.pt\/site\/wp-content\/uploads\/torre.jpg 590w, https:\/\/www.bvvizela.pt\/site\/wp-content\/uploads\/torre-300x152.jpg 300w\" sizes=\"auto, (max-width: 590px) 100vw, 590px\" \/><\/p>\n<p>A <strong>Real Associa\u00e7\u00e3o Humanit\u00e1ria dos Bombeiros Volunt\u00e1rios de Vizela<\/strong>, no seguimento do <strong>1.\u00ba VENHA JANTAR CONNOSCO<\/strong> realizado na Quinta da Torre, no passado s\u00e1bado, prestar um agradecimento p\u00fablico a: todos os bombeiros que trabalharam directamente para a sua realiza\u00e7\u00e3o, ao Sr. Rui Martins (cozinheiro), a todo o pessoal auxiliar de cozinha, ao Sr. Albino Sim\u00f5es pela ced\u00eancia gratuita das instala\u00e7\u00f5es, ao Sr. Ant\u00f3nio Ferreira do Talho das Termas pela oferta de todos os produtos de talho, ao Sr. Daniel Dias do Restaurante D\u2019 El-Rei por todo o apoio log\u00edstico e especial, ao Sr. Costa dos Vinhos + Hor\u00e1cio Costa pela oferta dos vinhos, \u00e0 CERDISA pela oferta de todas as bebidas variadas e caf\u00e9, \u00e0 Pastelaria Fina + Padaria e Pastelaria Nuno pela oferta dos bolos e das tartes, \u00e0 Padaria Midouro pela oferta do p\u00e3o e doces, \u00e0 Escola Secund\u00e1ria de Vizela pela ced\u00eancia do material de cozinha e \u00e0 Forum Flor pela oferta dos arranjos e flores.<\/p>\n<p>\u00a0Igualmente, queremos agradecer: \u00e0 Mara Alina pela sua participa\u00e7\u00e3o no momento musical, \u00e0 Avicella pela sua colabora\u00e7\u00e3o directa na prepara\u00e7\u00e3o do evento e na realiza\u00e7\u00e3o da pe\u00e7a <strong><em>Momentos Hist\u00f3ricos da Associa\u00e7\u00e3o<\/em><\/strong> e \u00e0 C\u00e2mara Municipal de Vizela por todo o apoio log\u00edstico e pela dispensa do pessoal do som.<\/p>\n<p>Por \u00faltimo, agradecer a todas as entidades e empresas que nos fizeram ofertas para a realiza\u00e7\u00e3o do sorteio: \u00e0 Best Travel do Forum Vizela pela oferta da viagem a Palma de Maiorca, ao Banco Esp\u00edrito Santo pelas ofertas de 1 Noite no Hotel Tivoli + 2 Conjuntos de Bebidas Especiais + Produtos Diversos, ao Top-Atl\u00e2ntico pela oferta de 2 Vales de 50 euros cada e \u00e0 BOEMIATOUR pela oferta de 1 Noite no Hotel do Ger\u00eas.<\/p>\n<p>Obrigado, ainda, \u00e0 Comunica\u00e7\u00e3o Social pela cobertura que deram ao evento e a todos os vizelenses e pessoas externas ao nosso concelho pela sua presen\u00e7a f\u00edsica e contribui\u00e7\u00f5es financeiras com que nos presentearam.<span id=\"_marker\">\u00a0<\/span><\/p>\n<p style=\"text-align: justify;\">APROVEITE PARA <a href=\"http:\/\/www.bvvizela.pt\/site\/multimedia\/galeria-de-fotos\/\" target=\"_self\">Ver Galeria de Fotos do Jantar<\/a><\/p>\n","protected":false},"excerpt":{"rendered":"<p>A Real Associa\u00e7\u00e3o Humanit\u00e1ria dos Bombeiros Volunt\u00e1rios de Vizela, no seguimento do 1.\u00ba VENHA JANTAR CONNOSCO realizado na Quinta da Torre, no passado s\u00e1bado, prestar um agradecimento p\u00fablico a: todos os bombeiros que trabalharam directamente para a sua realiza\u00e7\u00e3o, ao<\/p>\n","protected":false},"author":6,"featured_media":0,"comment_status":"open","ping_status":"closed","sticky":false,"template":"","format":"standard","meta":{"ngg_post_thumbnail":0,"footnotes":""},"categories":[1],"tags":[],"class_list":["post-92","post","type-post","status-publish","format-standard","hentry","category-noticias"],"_links":{"self":[{"href":"https:\/\/www.bvvizela.pt\/site\/wp-json\/wp\/v2\/posts\/92","targetHints":{"allow":["GET"]}}],"collection":[{"href":"https:\/\/www.bvvizela.pt\/site\/wp-json\/wp\/v2\/posts"}],"about":[{"href":"https:\/\/www.bvvizela.pt\/site\/wp-json\/wp\/v2\/types\/post"}],"author":[{"embeddable":true,"href":"https:\/\/www.bvvizela.pt\/site\/wp-json\/wp\/v2\/users\/6"}],"replies":[{"embeddable":true,"href":"https:\/\/www.bvvizela.pt\/site\/wp-json\/wp\/v2\/comments?post=92"}],"version-history":[{"count":13,"href":"https:\/\/www.bvvizela.pt\/site\/wp-json\/wp\/v2\/posts\/92\/revisions"}],"predecessor-version":[{"id":96,"href":"https:\/\/www.bvvizela.pt\/site\/wp-json\/wp\/v2\/posts\/92\/revisions\/96"}],"wp:attachment":[{"href":"https:\/\/www.bvvizela.pt\/site\/wp-json\/wp\/v2\/media?parent=92"}],"wp:term":[{"taxonomy":"category","embeddable":true,"href":"https:\/\/www.bvvizela.pt\/site\/wp-json\/wp\/v2\/categories?post=92"},{"taxonomy":"post_tag","embeddable":true,"href":"https:\/\/www.bvvizela.pt\/site\/wp-json\/wp\/v2\/tags?post=92"}],"curies":[{"name":"wp","href":"https:\/\/api.w.org\/{rel}","templated":true}]}}