{"id":918,"date":"2010-11-01T15:00:54","date_gmt":"2010-11-01T15:00:54","guid":{"rendered":"http:\/\/www.bvvizela.pt\/site\/?p=918"},"modified":"2010-11-02T22:26:04","modified_gmt":"2010-11-02T22:26:04","slug":"mau-tempo-terminou","status":"publish","type":"post","link":"https:\/\/www.bvvizela.pt\/site\/mau-tempo-terminou\/","title":{"rendered":"Mau Tempo Terminou"},"content":{"rendered":"<p>Apesar do mau tempo que se fez sentir, e que obrigou a ANPC a declarar alertas Amarelo e Laranja at\u00e9 ao fim de semana passado, na regi\u00e3o de Vizela n\u00e3o se notou aumento significativo de servi\u00e7os.<\/p>\n<p>Foram registadas pequenas inunda\u00e7\u00f5es e quedas de ramos de\u00a0\u00e1rvores, n\u00e3o tendo contudo originado problemas de maior.<\/p>\nngg_shortcode_0_placeholder\n","protected":false},"excerpt":{"rendered":"<p>Apesar do mau tempo que se fez sentir, e que obrigou a ANPC a declarar alertas Amarelo e Laranja at\u00e9 ao fim de semana passado, na regi\u00e3o de Vizela n\u00e3o se notou aumento significativo de servi\u00e7os. Foram registadas pequenas inunda\u00e7\u00f5es<\/p>\n","protected":false},"author":6,"featured_media":0,"comment_status":"open","ping_status":"closed","sticky":false,"template":"","format":"standard","meta":{"ngg_post_thumbnail":0,"footnotes":""},"categories":[1],"tags":[],"class_list":["post-918","post","type-post","status-publish","format-standard","hentry","category-noticias"],"_links":{"self":[{"href":"https:\/\/www.bvvizela.pt\/site\/wp-json\/wp\/v2\/posts\/918","targetHints":{"allow":["GET"]}}],"collection":[{"href":"https:\/\/www.bvvizela.pt\/site\/wp-json\/wp\/v2\/posts"}],"about":[{"href":"https:\/\/www.bvvizela.pt\/site\/wp-json\/wp\/v2\/types\/post"}],"author":[{"embeddable":true,"href":"https:\/\/www.bvvizela.pt\/site\/wp-json\/wp\/v2\/users\/6"}],"replies":[{"embeddable":true,"href":"https:\/\/www.bvvizela.pt\/site\/wp-json\/wp\/v2\/comments?post=918"}],"version-history":[{"count":6,"href":"https:\/\/www.bvvizela.pt\/site\/wp-json\/wp\/v2\/posts\/918\/revisions"}],"predecessor-version":[{"id":924,"href":"https:\/\/www.bvvizela.pt\/site\/wp-json\/wp\/v2\/posts\/918\/revisions\/924"}],"wp:attachment":[{"href":"https:\/\/www.bvvizela.pt\/site\/wp-json\/wp\/v2\/media?parent=918"}],"wp:term":[{"taxonomy":"category","embeddable":true,"href":"https:\/\/www.bvvizela.pt\/site\/wp-json\/wp\/v2\/categories?post=918"},{"taxonomy":"post_tag","embeddable":true,"href":"https:\/\/www.bvvizela.pt\/site\/wp-json\/wp\/v2\/tags?post=918"}],"curies":[{"name":"wp","href":"https:\/\/api.w.org\/{rel}","templated":true}]}}