{"id":901,"date":"2010-11-01T16:40:34","date_gmt":"2010-11-01T16:40:34","guid":{"rendered":"http:\/\/www.bvvizela.pt\/site\/?p=901"},"modified":"2010-11-01T19:10:23","modified_gmt":"2010-11-01T19:10:23","slug":"comercio-abre-no-predio-da-rua-dr-abilio-torres","status":"publish","type":"post","link":"https:\/\/www.bvvizela.pt\/site\/comercio-abre-no-predio-da-rua-dr-abilio-torres\/","title":{"rendered":"Com\u00e9rcio abre no Pr\u00e9dio da Rua Dr. Ab\u00edlio Torres"},"content":{"rendered":"<p style=\"text-align: justify;\">Come\u00e7aram a ser ocupados os espa\u00e7os comerciais do Pr\u00e9dio\u00a0da Rua Dr. Ab\u00edlio Torres.\u00a0 O pr\u00e9dio, perten\u00e7a dos bombeiros e recuperado com o apoio da C\u00e2mara Municipal de Vizela tem \u00e1reas comerciais e habitacionais, e est\u00e1 praticamente conclu\u00eddo.<\/p>\n<p><a href=\"http:\/\/www.bvvizela.pt\/site\/wp-content\/uploads\/DSC00181.jpg\"><img loading=\"lazy\" decoding=\"async\" class=\"alignleft size-medium wp-image-902\" title=\"DSC00181\" src=\"http:\/\/www.bvvizela.pt\/site\/wp-content\/uploads\/DSC00181-300x168.jpg\" alt=\"\" width=\"300\" height=\"168\" srcset=\"https:\/\/www.bvvizela.pt\/site\/wp-content\/uploads\/DSC00181-300x168.jpg 300w, https:\/\/www.bvvizela.pt\/site\/wp-content\/uploads\/DSC00181.jpg 1024w\" sizes=\"auto, (max-width: 300px) 100vw, 300px\" \/><\/a><\/p>\n<p>Uma breve visita ao espa\u00e7o &#8220;DonnaBarra&#8221; permitiu constatar o entusiasmo posto no novo projecto, e a qualidade do espa\u00e7o e artigos \u00e0 venda o que, aliado \u00e0 excelente localiza\u00e7\u00e3o do espa\u00e7o, auguram um neg\u00f3cio de sucesso. S\u00e3o esses os nossos votos.<\/p>\n<p>Brevemente, neste site, reportagem completa sobre a conclus\u00e3o das obras no pr\u00e9dio, e a ocupa\u00e7\u00e3o dos espa\u00e7os.<\/p>\n<p><a href=\"http:\/\/www.bvvizela.pt\/site\/wp-content\/uploads\/DSC00187.jpg\"><img loading=\"lazy\" decoding=\"async\" class=\"alignleft size-medium wp-image-903\" title=\"DSC00187\" src=\"http:\/\/www.bvvizela.pt\/site\/wp-content\/uploads\/DSC00187-300x168.jpg\" alt=\"\" width=\"300\" height=\"168\" srcset=\"https:\/\/www.bvvizela.pt\/site\/wp-content\/uploads\/DSC00187-300x168.jpg 300w, https:\/\/www.bvvizela.pt\/site\/wp-content\/uploads\/DSC00187.jpg 1024w\" sizes=\"auto, (max-width: 300px) 100vw, 300px\" \/><\/a><\/p>\n<p><a href=\"http:\/\/www.bvvizela.pt\/site\/wp-content\/uploads\/DSC00184.jpg\"><img loading=\"lazy\" decoding=\"async\" class=\"alignleft size-medium wp-image-904\" title=\"DSC00184\" src=\"http:\/\/www.bvvizela.pt\/site\/wp-content\/uploads\/DSC00184-300x168.jpg\" alt=\"\" width=\"300\" height=\"168\" srcset=\"https:\/\/www.bvvizela.pt\/site\/wp-content\/uploads\/DSC00184-300x168.jpg 300w, https:\/\/www.bvvizela.pt\/site\/wp-content\/uploads\/DSC00184.jpg 1024w\" sizes=\"auto, (max-width: 300px) 100vw, 300px\" \/><\/a><\/p>\n<p><a href=\"http:\/\/www.bvvizela.pt\/site\/wp-content\/uploads\/DSC00185.jpg\"><img loading=\"lazy\" decoding=\"async\" class=\"alignleft size-medium wp-image-905\" title=\"DSC00185\" src=\"http:\/\/www.bvvizela.pt\/site\/wp-content\/uploads\/DSC00185-300x168.jpg\" alt=\"\" width=\"300\" height=\"168\" srcset=\"https:\/\/www.bvvizela.pt\/site\/wp-content\/uploads\/DSC00185-300x168.jpg 300w, https:\/\/www.bvvizela.pt\/site\/wp-content\/uploads\/DSC00185.jpg 1024w\" sizes=\"auto, (max-width: 300px) 100vw, 300px\" \/><\/a><\/p>\n<p><a href=\"http:\/\/www.bvvizela.pt\/site\/wp-content\/uploads\/DSC00186.jpg\"><img loading=\"lazy\" decoding=\"async\" class=\"alignleft size-medium wp-image-906\" title=\"DSC00186\" src=\"http:\/\/www.bvvizela.pt\/site\/wp-content\/uploads\/DSC00186-300x168.jpg\" alt=\"\" width=\"300\" height=\"168\" srcset=\"https:\/\/www.bvvizela.pt\/site\/wp-content\/uploads\/DSC00186-300x168.jpg 300w, https:\/\/www.bvvizela.pt\/site\/wp-content\/uploads\/DSC00186.jpg 1024w\" sizes=\"auto, (max-width: 300px) 100vw, 300px\" \/><\/a><\/p>\n","protected":false},"excerpt":{"rendered":"<p>Come\u00e7aram a ser ocupados os espa\u00e7os comerciais do Pr\u00e9dio\u00a0da Rua Dr. Ab\u00edlio Torres.\u00a0 O pr\u00e9dio, perten\u00e7a dos bombeiros e recuperado com o apoio da C\u00e2mara Municipal de Vizela tem \u00e1reas comerciais e habitacionais, e est\u00e1 praticamente conclu\u00eddo. Uma breve visita<\/p>\n","protected":false},"author":6,"featured_media":0,"comment_status":"open","ping_status":"closed","sticky":false,"template":"","format":"standard","meta":{"ngg_post_thumbnail":0,"footnotes":""},"categories":[1],"tags":[],"class_list":["post-901","post","type-post","status-publish","format-standard","hentry","category-noticias"],"_links":{"self":[{"href":"https:\/\/www.bvvizela.pt\/site\/wp-json\/wp\/v2\/posts\/901","targetHints":{"allow":["GET"]}}],"collection":[{"href":"https:\/\/www.bvvizela.pt\/site\/wp-json\/wp\/v2\/posts"}],"about":[{"href":"https:\/\/www.bvvizela.pt\/site\/wp-json\/wp\/v2\/types\/post"}],"author":[{"embeddable":true,"href":"https:\/\/www.bvvizela.pt\/site\/wp-json\/wp\/v2\/users\/6"}],"replies":[{"embeddable":true,"href":"https:\/\/www.bvvizela.pt\/site\/wp-json\/wp\/v2\/comments?post=901"}],"version-history":[{"count":3,"href":"https:\/\/www.bvvizela.pt\/site\/wp-json\/wp\/v2\/posts\/901\/revisions"}],"predecessor-version":[{"id":909,"href":"https:\/\/www.bvvizela.pt\/site\/wp-json\/wp\/v2\/posts\/901\/revisions\/909"}],"wp:attachment":[{"href":"https:\/\/www.bvvizela.pt\/site\/wp-json\/wp\/v2\/media?parent=901"}],"wp:term":[{"taxonomy":"category","embeddable":true,"href":"https:\/\/www.bvvizela.pt\/site\/wp-json\/wp\/v2\/categories?post=901"},{"taxonomy":"post_tag","embeddable":true,"href":"https:\/\/www.bvvizela.pt\/site\/wp-json\/wp\/v2\/tags?post=901"}],"curies":[{"name":"wp","href":"https:\/\/api.w.org\/{rel}","templated":true}]}}