{"id":888,"date":"2010-10-30T04:10:03","date_gmt":"2010-10-30T03:10:03","guid":{"rendered":"http:\/\/www.bvvizela.pt\/site\/?p=888"},"modified":"2010-10-30T04:19:02","modified_gmt":"2010-10-30T03:19:02","slug":"plano-e-orcamento-2011-aprovados","status":"publish","type":"post","link":"https:\/\/www.bvvizela.pt\/site\/plano-e-orcamento-2011-aprovados\/","title":{"rendered":"Plano e Or\u00e7amento 2011 aprovados"},"content":{"rendered":"<p style=\"text-align: justify;\">Realizou-se ontem, Sexta-feira,\u00a0a Assembleia Geral Ordin\u00e1ria para apresenta\u00e7\u00e3o, discuss\u00e3o\u00a0e aprova\u00e7\u00e3o do Plano de Actividades e Or\u00e7amento para 2011.<\/p>\n<p style=\"text-align: justify;\">Presidida pelo General Cipriano Alves a sess\u00e3o\u00a0iniciou-se\u00a0\u00a0com a apresenta\u00e7\u00e3o do plano, pelo Presidente da Direc\u00e7\u00e3o, Jo\u00e3o Costa, que come\u00e7ou por fazer refer\u00eancia \u00e0 demiss\u00e3o do Vice-Presidente, Rog\u00e9rio Caldas. Embora a assumindo \u00a0como uma &#8220;derrota pessoal&#8221;,\u00a0assegurou a total normalidade de funcionamento\u00a0da Associa\u00e7\u00e3o, dentro dos ambiciosos objectivos tra\u00e7ados e\u00a0liderando uma equipa \u00a0directiva forte e coesa. Informou, tamb\u00e9m, que passar\u00e1 a ser ele pr\u00f3prio o elo de liga\u00e7\u00e3o com o Comando, tarefa que vinha a ser realizada pelo Vice-Presidente.<\/p>\n<p style=\"text-align: justify;\">Seguidamente fez uma an\u00e1lise \u00e0 Associa\u00e7\u00e3o, enquadrada na situa\u00e7\u00e3o econ\u00f3mica actual do pa\u00eds, definindo claramente objectivos e investimentos para os concretizar.<\/p>\n<p style=\"text-align: justify;\">A apresenta\u00e7\u00e3o detalhada dos valores or\u00e7amentados, com base nos valores da execu\u00e7\u00e3o or\u00e7amental actual foram feitas pelo Dr. Eduardo Guimar\u00e3es. Dossier completo &#8211; conforme entregue aos cerca de 40 s\u00f3cios presentes, em anexo, abaixo.<\/p>\n<p style=\"text-align: justify;\">O Plano e Or\u00e7amento foram aprovados por unanimidade.<\/p>\n<p style=\"text-align: justify;\">Seguidamente, foi apresentado\u00a0 quadro de protocolos a celebrar. O Presidente explicou alguns, com destaque para aquele a celebrar com a Avicella, destacando os seus objectivos e o que representar\u00e3o em vantagens para bombeiros e s\u00f3cios. A sua assinatura ser\u00e1 feita de forma faseada na pr\u00f3xima semana, fazendo-se a sua divulga\u00e7\u00e3o nos meios de comunica\u00e7\u00e3o\u00a0e neste site.<\/p>\n<p style=\"text-align: justify;\">No per\u00edodo reservado a outros assuntos, foi feita uma refer\u00eancia r\u00e1pida \u00e0 coloca\u00e7\u00e3o on-line do site oficial da Associa\u00e7\u00e3o.<\/p>\n<p style=\"text-align: justify;\">\u00a0<\/p>\n<p style=\"text-align: justify;\"><a href=\"http:\/\/www.bvvizela.pt\/site\/wp-content\/uploads\/DSC00168.jpg\"><img loading=\"lazy\" decoding=\"async\" class=\"size-medium wp-image-889 alignnone\" title=\"Mesa da Assembleia Geral\" src=\"http:\/\/www.bvvizela.pt\/site\/wp-content\/uploads\/DSC00168-300x168.jpg\" alt=\"\" width=\"300\" height=\"168\" srcset=\"https:\/\/www.bvvizela.pt\/site\/wp-content\/uploads\/DSC00168-300x168.jpg 300w, https:\/\/www.bvvizela.pt\/site\/wp-content\/uploads\/DSC00168.jpg 1024w\" sizes=\"auto, (max-width: 300px) 100vw, 300px\" \/><\/a><\/p>\n<p style=\"text-align: justify;\">\u00a0Mesa da Assembleia Geral, presidida pelo General Cipriano Alves<\/p>\n<p style=\"text-align: justify;\">\u00a0<\/p>\n<p style=\"text-align: justify;\"><a href=\"http:\/\/www.bvvizela.pt\/site\/wp-content\/uploads\/DSC00166.jpg\"><img loading=\"lazy\" decoding=\"async\" class=\"size-medium wp-image-890 alignnone\" title=\"Presidente Direc\u00e7a\u00f5\" src=\"http:\/\/www.bvvizela.pt\/site\/wp-content\/uploads\/DSC00166-300x168.jpg\" alt=\"\" width=\"300\" height=\"168\" srcset=\"https:\/\/www.bvvizela.pt\/site\/wp-content\/uploads\/DSC00166-300x168.jpg 300w, https:\/\/www.bvvizela.pt\/site\/wp-content\/uploads\/DSC00166.jpg 1024w\" sizes=\"auto, (max-width: 300px) 100vw, 300px\" \/><\/a><\/p>\n<p style=\"text-align: justify;\">\u00a0Presidente da Direc\u00e7\u00e3o, na sua apresenta\u00e7\u00e3o<\/p>\n<p style=\"text-align: justify;\"><a href=\"http:\/\/www.bvvizela.pt\/site\/wp-content\/uploads\/DSC00172.jpg\"><img loading=\"lazy\" decoding=\"async\" class=\"size-medium wp-image-891 alignnone\" title=\"consfiscal\" src=\"http:\/\/www.bvvizela.pt\/site\/wp-content\/uploads\/DSC00172-300x168.jpg\" alt=\"\" width=\"300\" height=\"168\" srcset=\"https:\/\/www.bvvizela.pt\/site\/wp-content\/uploads\/DSC00172-300x168.jpg 300w, https:\/\/www.bvvizela.pt\/site\/wp-content\/uploads\/DSC00172.jpg 1024w\" sizes=\"auto, (max-width: 300px) 100vw, 300px\" \/><\/a>\u00a0<\/p>\n<p style=\"text-align: justify;\">O Dr. Eduardo Guimar\u00e3es, na cuidadosa e detalhada explica\u00e7\u00e3o de todos os valores<\/p>\n<p style=\"text-align: justify;\">\u00a0<\/p>\n<p style=\"text-align: justify;\">\u00a0<a href=\"http:\/\/www.bvvizela.pt\/site\/wp-content\/uploads\/DSC00167.jpg\"><img loading=\"lazy\" decoding=\"async\" class=\"size-medium wp-image-892 alignnone\" title=\"socios\" src=\"http:\/\/www.bvvizela.pt\/site\/wp-content\/uploads\/DSC00167-300x168.jpg\" alt=\"\" width=\"300\" height=\"168\" srcset=\"https:\/\/www.bvvizela.pt\/site\/wp-content\/uploads\/DSC00167-300x168.jpg 300w, https:\/\/www.bvvizela.pt\/site\/wp-content\/uploads\/DSC00167.jpg 1024w\" sizes=\"auto, (max-width: 300px) 100vw, 300px\" \/><\/a><\/p>\n<p style=\"text-align: justify;\">Um aspecto dos s\u00f3cios e elementos dos corpos sociais presentes<\/p>\n<pre style=\"text-align: left;\">DOSSIER COMPLETO - Conforme fornecido a todos os s\u00f3cios:<\/pre>\n<p style=\"text-align: left;\"><a href=\"http:\/\/www.bvvizela.pt\/site\/wp-content\/uploads\/Livro-Or\u00e7amento-2011.pdf\">Livro &#8211; Or\u00e7amento 2011<\/a><\/p>\n<p style=\"text-align: justify;\">\u00a0<\/p>\n","protected":false},"excerpt":{"rendered":"<p>Realizou-se ontem, Sexta-feira,\u00a0a Assembleia Geral Ordin\u00e1ria para apresenta\u00e7\u00e3o, discuss\u00e3o\u00a0e aprova\u00e7\u00e3o do Plano de Actividades e Or\u00e7amento para 2011. Presidida pelo General Cipriano Alves a sess\u00e3o\u00a0iniciou-se\u00a0\u00a0com a apresenta\u00e7\u00e3o do plano, pelo Presidente da Direc\u00e7\u00e3o, Jo\u00e3o Costa, que come\u00e7ou por fazer refer\u00eancia<\/p>\n","protected":false},"author":3,"featured_media":0,"comment_status":"open","ping_status":"closed","sticky":false,"template":"","format":"standard","meta":{"ngg_post_thumbnail":0,"footnotes":""},"categories":[1],"tags":[],"class_list":["post-888","post","type-post","status-publish","format-standard","hentry","category-noticias"],"_links":{"self":[{"href":"https:\/\/www.bvvizela.pt\/site\/wp-json\/wp\/v2\/posts\/888","targetHints":{"allow":["GET"]}}],"collection":[{"href":"https:\/\/www.bvvizela.pt\/site\/wp-json\/wp\/v2\/posts"}],"about":[{"href":"https:\/\/www.bvvizela.pt\/site\/wp-json\/wp\/v2\/types\/post"}],"author":[{"embeddable":true,"href":"https:\/\/www.bvvizela.pt\/site\/wp-json\/wp\/v2\/users\/3"}],"replies":[{"embeddable":true,"href":"https:\/\/www.bvvizela.pt\/site\/wp-json\/wp\/v2\/comments?post=888"}],"version-history":[{"count":7,"href":"https:\/\/www.bvvizela.pt\/site\/wp-json\/wp\/v2\/posts\/888\/revisions"}],"predecessor-version":[{"id":900,"href":"https:\/\/www.bvvizela.pt\/site\/wp-json\/wp\/v2\/posts\/888\/revisions\/900"}],"wp:attachment":[{"href":"https:\/\/www.bvvizela.pt\/site\/wp-json\/wp\/v2\/media?parent=888"}],"wp:term":[{"taxonomy":"category","embeddable":true,"href":"https:\/\/www.bvvizela.pt\/site\/wp-json\/wp\/v2\/categories?post=888"},{"taxonomy":"post_tag","embeddable":true,"href":"https:\/\/www.bvvizela.pt\/site\/wp-json\/wp\/v2\/tags?post=888"}],"curies":[{"name":"wp","href":"https:\/\/api.w.org\/{rel}","templated":true}]}}