{"id":870,"date":"2010-10-29T20:03:32","date_gmt":"2010-10-29T19:03:32","guid":{"rendered":"http:\/\/www.bvvizela.pt\/site\/?p=870"},"modified":"2010-10-30T03:15:42","modified_gmt":"2010-10-30T02:15:42","slug":"cuidados-a-ter-perante-o-mau-tempo","status":"publish","type":"post","link":"https:\/\/www.bvvizela.pt\/site\/cuidados-a-ter-perante-o-mau-tempo\/","title":{"rendered":"Cuidados a ter perante o mau tempo"},"content":{"rendered":"<div style=\"text-align: justify;\">Precau\u00e7\u00f5es a ter perante o alerta de mau tempo, indicado pelo instituto de meteorologia para Portugal, durante os pr\u00f3ximos dias.<\/div>\n<div style=\"text-align: justify;\"><strong>Ao prevenir estar\u00e1 a ajudar a si e aos outros.<\/strong><\/div>\n<ul>\n<li style=\"text-align: justify;\">Evite sair \u00e0 rua &#8211; fa\u00e7a-o s\u00f3 em caso de necessidade.<a href=\"http:\/\/www.bvvizela.pt\/site\/wp-content\/uploads\/chuva9.jpg\"><\/a><\/li>\n<li style=\"text-align: justify;\">Tenha muito cuidado se vir alguma \u00e1rvore a tombar ou com alguma inclina\u00e7\u00e3o, corre risco de cair.<\/li>\n<li style=\"text-align: justify;\">Avalie a necessidade de colocar protec\u00e7\u00f5es nas portas e janelas se estas estiverem muito perto de s\u00edtios de f\u00e1cil inunda\u00e7\u00e3o.<\/li>\n<li style=\"text-align: justify;\">Mantenha limpos os caleiros e outras valetas perto de casa limpas para que a drenagem seja melhor.<\/li>\n<li style=\"text-align: justify;\">Proteja-se da chuva e use cal\u00e7ado adequado.<\/li>\n<li style=\"text-align: justify;\">Se estiver molhado\/a deve trocar de roupa logo que poss\u00edvel, evitando que seque no corpo (risco elevado de pneumonias).<\/li>\n<li style=\"text-align: justify;\">Em caso de inunda\u00e7\u00e3o ligue de imediato 112 e suba para as divis\u00f3rias mais alta do pr\u00e9dio.<\/li>\n<li style=\"text-align: justify;\">Tenha em aten\u00e7\u00e3o poss\u00edveis quedas de \u00e1rvores, quer se for a conduzir, a caminhar ou em casa pr\u00f3xima.<\/li>\n<li style=\"text-align: justify;\">Aten\u00e7\u00e3o ao efeito de \u201caquaplanagem\u201d e evite passar em zonas onde haja \u00e1gua acumulada.<\/li>\n<li style=\"text-align: justify;\">Em caso de sobrecarga dos pedidos de ajuda, aguarde pacientemente pela ajuda, estes estar\u00e3o a ser tr\u00edados pela gravidade de cada situa\u00e7\u00e3o. Lembre-se que n\u00e3o estamos s\u00f3s numa sociedade.<\/li>\n<li style=\"text-align: justify;\">Colabore com as for\u00e7as de seguran\u00e7a porque tratam disso mesmo, da sua seguran\u00e7a.<\/li>\n<\/ul>\n","protected":false},"excerpt":{"rendered":"<p>Precau\u00e7\u00f5es a ter perante o alerta de mau tempo, indicado pelo instituto de meteorologia para Portugal, durante os pr\u00f3ximos dias. Ao prevenir estar\u00e1 a ajudar a si e aos outros. Evite sair \u00e0 rua &#8211; fa\u00e7a-o s\u00f3 em caso de<\/p>\n","protected":false},"author":6,"featured_media":0,"comment_status":"open","ping_status":"closed","sticky":false,"template":"","format":"standard","meta":{"ngg_post_thumbnail":0,"footnotes":""},"categories":[1],"tags":[],"class_list":["post-870","post","type-post","status-publish","format-standard","hentry","category-noticias"],"_links":{"self":[{"href":"https:\/\/www.bvvizela.pt\/site\/wp-json\/wp\/v2\/posts\/870","targetHints":{"allow":["GET"]}}],"collection":[{"href":"https:\/\/www.bvvizela.pt\/site\/wp-json\/wp\/v2\/posts"}],"about":[{"href":"https:\/\/www.bvvizela.pt\/site\/wp-json\/wp\/v2\/types\/post"}],"author":[{"embeddable":true,"href":"https:\/\/www.bvvizela.pt\/site\/wp-json\/wp\/v2\/users\/6"}],"replies":[{"embeddable":true,"href":"https:\/\/www.bvvizela.pt\/site\/wp-json\/wp\/v2\/comments?post=870"}],"version-history":[{"count":15,"href":"https:\/\/www.bvvizela.pt\/site\/wp-json\/wp\/v2\/posts\/870\/revisions"}],"predecessor-version":[{"id":873,"href":"https:\/\/www.bvvizela.pt\/site\/wp-json\/wp\/v2\/posts\/870\/revisions\/873"}],"wp:attachment":[{"href":"https:\/\/www.bvvizela.pt\/site\/wp-json\/wp\/v2\/media?parent=870"}],"wp:term":[{"taxonomy":"category","embeddable":true,"href":"https:\/\/www.bvvizela.pt\/site\/wp-json\/wp\/v2\/categories?post=870"},{"taxonomy":"post_tag","embeddable":true,"href":"https:\/\/www.bvvizela.pt\/site\/wp-json\/wp\/v2\/tags?post=870"}],"curies":[{"name":"wp","href":"https:\/\/api.w.org\/{rel}","templated":true}]}}