{"id":841,"date":"2010-10-28T16:15:20","date_gmt":"2010-10-28T15:15:20","guid":{"rendered":"http:\/\/www.bvvizela.pt\/site\/?p=841"},"modified":"2010-10-28T16:15:20","modified_gmt":"2010-10-28T15:15:20","slug":"demissao-do-ex-comandante-rogerio-caldas","status":"publish","type":"post","link":"https:\/\/www.bvvizela.pt\/site\/demissao-do-ex-comandante-rogerio-caldas\/","title":{"rendered":"Demiss\u00e3o do Ex-Comandante Rog\u00e9rio Caldas"},"content":{"rendered":"<p style=\"text-align: justify;\"><strong>Lamentamos informar, mas o Vice-Presidente da Direc\u00e7\u00e3o \u2013 Rog\u00e9rio Caldas, apresentou o seu pedido de demiss\u00e3o da Associa\u00e7\u00e3o, no passado dia 06 de Outubro.<\/strong><\/p>\n<p style=\"text-align: justify;\"><strong>O mesmo pedido, depois de ser devidamente analisado, foi aceite pelo Presidente da Assembleia Geral, Tenente General \u2013 Cipriano Alves, no passado dia 12 de Outubro, na base do que determinam os Estatutos da Associa\u00e7\u00e3o, ap\u00f3s o que deu imediatamente instru\u00e7\u00f5es ao Presidente da Direc\u00e7\u00e3o \u2013 Jo\u00e3o Costa, para cumprir com o \u00a7 \u00fanico do art.\u00ba 25 dos mesmos Estatutos. <\/strong><\/p>\n<p style=\"text-align: justify;\"><strong>Trata-se de uma situa\u00e7\u00e3o normal, num processo normal, n\u00e3o fosse a forte aposta feita e as expectativas que se criaram \u00e0 volta da sua nomea\u00e7\u00e3o; tudo isto \u00e9 sinal de que estamos vivos e dos tempos que atravessamos, que transportam consigo muita imprevisibilidade e levam as pessoas &#8211; ou mesmo as obrigam &#8211; a tomar posi\u00e7\u00f5es e decis\u00f5es antes impensadas.<\/strong><\/p>\n<p style=\"text-align: justify;\"><strong>A Associa\u00e7\u00e3o reagiu com naturalidade a este acontecimento e, ap\u00f3s uma redefini\u00e7\u00e3o de responsabilidades, manteve a sua actividade dentro do que \u00e9 normal e habitual, na base dos projectos previstos e j\u00e1 definidos. A Assembleia Geral que vai ter lugar amanh\u00e3, pelas 21:00 horas, elencar\u00e1 os novos projectos e definir\u00e1 claramente a nova estrat\u00e9gia futura a seguir.<\/strong><\/p>\n<p><strong>A Direc\u00e7\u00e3o<\/strong><\/p>\n","protected":false},"excerpt":{"rendered":"<p>Lamentamos informar, mas o Vice-Presidente da Direc\u00e7\u00e3o \u2013 Rog\u00e9rio Caldas, apresentou o seu pedido de demiss\u00e3o da Associa\u00e7\u00e3o, no passado dia 06 de Outubro. O mesmo pedido, depois de ser devidamente analisado, foi aceite pelo Presidente da Assembleia Geral, Tenente<\/p>\n","protected":false},"author":3,"featured_media":0,"comment_status":"open","ping_status":"closed","sticky":false,"template":"","format":"standard","meta":{"ngg_post_thumbnail":0,"footnotes":""},"categories":[1],"tags":[],"class_list":["post-841","post","type-post","status-publish","format-standard","hentry","category-noticias"],"_links":{"self":[{"href":"https:\/\/www.bvvizela.pt\/site\/wp-json\/wp\/v2\/posts\/841","targetHints":{"allow":["GET"]}}],"collection":[{"href":"https:\/\/www.bvvizela.pt\/site\/wp-json\/wp\/v2\/posts"}],"about":[{"href":"https:\/\/www.bvvizela.pt\/site\/wp-json\/wp\/v2\/types\/post"}],"author":[{"embeddable":true,"href":"https:\/\/www.bvvizela.pt\/site\/wp-json\/wp\/v2\/users\/3"}],"replies":[{"embeddable":true,"href":"https:\/\/www.bvvizela.pt\/site\/wp-json\/wp\/v2\/comments?post=841"}],"version-history":[{"count":2,"href":"https:\/\/www.bvvizela.pt\/site\/wp-json\/wp\/v2\/posts\/841\/revisions"}],"predecessor-version":[{"id":843,"href":"https:\/\/www.bvvizela.pt\/site\/wp-json\/wp\/v2\/posts\/841\/revisions\/843"}],"wp:attachment":[{"href":"https:\/\/www.bvvizela.pt\/site\/wp-json\/wp\/v2\/media?parent=841"}],"wp:term":[{"taxonomy":"category","embeddable":true,"href":"https:\/\/www.bvvizela.pt\/site\/wp-json\/wp\/v2\/categories?post=841"},{"taxonomy":"post_tag","embeddable":true,"href":"https:\/\/www.bvvizela.pt\/site\/wp-json\/wp\/v2\/tags?post=841"}],"curies":[{"name":"wp","href":"https:\/\/api.w.org\/{rel}","templated":true}]}}