{"id":813,"date":"2010-10-01T17:33:51","date_gmt":"2010-10-01T16:33:51","guid":{"rendered":"http:\/\/www.bvvizela.pt\/site\/?p=813"},"modified":"2010-10-23T17:46:52","modified_gmt":"2010-10-23T16:46:52","slug":"exposicao-entre-a-caricatura-e-a-realidade","status":"publish","type":"post","link":"https:\/\/www.bvvizela.pt\/site\/exposicao-entre-a-caricatura-e-a-realidade\/","title":{"rendered":"Exposi\u00e7\u00e3o &#8220;Entre a caricatura e a realidade&#8221;"},"content":{"rendered":"<p>Inserida nas comemora\u00e7\u00f5es do Centen\u00e1rio da Rep\u00fablica, e numa organiza\u00e7\u00e3o conjunta da C\u00e2mara Municipal de Vizela e Escola Secund\u00e1ria de Vizela, est\u00e1 patente no \u00e1trio do quartel da nossa Associa\u00e7\u00e3o a exposi\u00e7\u00e3o &#8220;Entre a caricatura e a realidade&#8221;. Visita-a. At\u00e9 31 de Outubro.<\/p>\n<p style=\"text-align: center;\"><a href=\"http:\/\/www.bvvizela.pt\/site\/wp-content\/uploads\/5-out-exp.jpg\"><img loading=\"lazy\" decoding=\"async\" class=\"alignright size-medium wp-image-814\" title=\"Visitantes\" src=\"http:\/\/www.bvvizela.pt\/site\/wp-content\/uploads\/5-out-exp-300x225.jpg\" alt=\"\" width=\"298\" height=\"184\" \/><\/a><a href=\"http:\/\/www.bvvizela.pt\/site\/wp-content\/uploads\/5-outubro.jpg\"><img loading=\"lazy\" decoding=\"async\" class=\"size-medium wp-image-815  aligncenter\" title=\"5 outubro\" src=\"http:\/\/www.bvvizela.pt\/site\/wp-content\/uploads\/5-outubro-202x300.jpg\" alt=\"Cartaz da Exposi\u00e7\u00e3o\" width=\"163\" height=\"228\" \/><\/a><\/p>\n","protected":false},"excerpt":{"rendered":"<p>Inserida nas comemora\u00e7\u00f5es do Centen\u00e1rio da Rep\u00fablica, e numa organiza\u00e7\u00e3o conjunta da C\u00e2mara Municipal de Vizela e Escola Secund\u00e1ria de Vizela, est\u00e1 patente no \u00e1trio do quartel da nossa Associa\u00e7\u00e3o a exposi\u00e7\u00e3o &#8220;Entre a caricatura e a realidade&#8221;. Visita-a. At\u00e9<\/p>\n","protected":false},"author":3,"featured_media":0,"comment_status":"open","ping_status":"closed","sticky":false,"template":"","format":"standard","meta":{"ngg_post_thumbnail":0,"footnotes":""},"categories":[1],"tags":[],"class_list":["post-813","post","type-post","status-publish","format-standard","hentry","category-noticias"],"_links":{"self":[{"href":"https:\/\/www.bvvizela.pt\/site\/wp-json\/wp\/v2\/posts\/813","targetHints":{"allow":["GET"]}}],"collection":[{"href":"https:\/\/www.bvvizela.pt\/site\/wp-json\/wp\/v2\/posts"}],"about":[{"href":"https:\/\/www.bvvizela.pt\/site\/wp-json\/wp\/v2\/types\/post"}],"author":[{"embeddable":true,"href":"https:\/\/www.bvvizela.pt\/site\/wp-json\/wp\/v2\/users\/3"}],"replies":[{"embeddable":true,"href":"https:\/\/www.bvvizela.pt\/site\/wp-json\/wp\/v2\/comments?post=813"}],"version-history":[{"count":7,"href":"https:\/\/www.bvvizela.pt\/site\/wp-json\/wp\/v2\/posts\/813\/revisions"}],"predecessor-version":[{"id":817,"href":"https:\/\/www.bvvizela.pt\/site\/wp-json\/wp\/v2\/posts\/813\/revisions\/817"}],"wp:attachment":[{"href":"https:\/\/www.bvvizela.pt\/site\/wp-json\/wp\/v2\/media?parent=813"}],"wp:term":[{"taxonomy":"category","embeddable":true,"href":"https:\/\/www.bvvizela.pt\/site\/wp-json\/wp\/v2\/categories?post=813"},{"taxonomy":"post_tag","embeddable":true,"href":"https:\/\/www.bvvizela.pt\/site\/wp-json\/wp\/v2\/tags?post=813"}],"curies":[{"name":"wp","href":"https:\/\/api.w.org\/{rel}","templated":true}]}}