{"id":786,"date":"2010-10-21T19:22:07","date_gmt":"2010-10-21T18:22:07","guid":{"rendered":"http:\/\/www.bvvizela.pt\/site\/?p=786"},"modified":"2010-10-22T02:44:14","modified_gmt":"2010-10-22T01:44:14","slug":"bombeiros-de-vizela-combatem-incendio-florestal-em-conde-s-martinho","status":"publish","type":"post","link":"https:\/\/www.bvvizela.pt\/site\/bombeiros-de-vizela-combatem-incendio-florestal-em-conde-s-martinho\/","title":{"rendered":"Inc\u00eandio florestal em Conde, S. Martinho"},"content":{"rendered":"<p>Hoje, pelas 13:40\u00a0foi dado o alerta para um inc\u00eandio florestal com in\u00edcio em Conde S. Martinho e que progrediu para Nespereira, colocando em risco uma sucata e uma empresa t\u00eaxtil.\u00a0Gra\u00e7as \u00e1 rapidez dos meios\u00a0na chegada ao local, foram protegidas as empresas e combatido o inc\u00eandio &#8211; um total de 5 viaturas e 22 Homens estiveram envolvidos. A \u00e1rea ardida ronda os 4 hectares de mato e giestas. Esteve no local o Comandante Paulo Oliveira a comandar as opera\u00e7\u00f5es que duraram cerca de 3 horas.<\/p>\n","protected":false},"excerpt":{"rendered":"<p>Hoje, pelas 13:40\u00a0foi dado o alerta para um inc\u00eandio florestal com in\u00edcio em Conde S. Martinho e que progrediu para Nespereira, colocando em risco uma sucata e uma empresa t\u00eaxtil.\u00a0Gra\u00e7as \u00e1 rapidez dos meios\u00a0na chegada ao local, foram protegidas as<\/p>\n","protected":false},"author":3,"featured_media":0,"comment_status":"open","ping_status":"closed","sticky":false,"template":"","format":"standard","meta":{"ngg_post_thumbnail":0,"footnotes":""},"categories":[1],"tags":[],"class_list":["post-786","post","type-post","status-publish","format-standard","hentry","category-noticias"],"_links":{"self":[{"href":"https:\/\/www.bvvizela.pt\/site\/wp-json\/wp\/v2\/posts\/786","targetHints":{"allow":["GET"]}}],"collection":[{"href":"https:\/\/www.bvvizela.pt\/site\/wp-json\/wp\/v2\/posts"}],"about":[{"href":"https:\/\/www.bvvizela.pt\/site\/wp-json\/wp\/v2\/types\/post"}],"author":[{"embeddable":true,"href":"https:\/\/www.bvvizela.pt\/site\/wp-json\/wp\/v2\/users\/3"}],"replies":[{"embeddable":true,"href":"https:\/\/www.bvvizela.pt\/site\/wp-json\/wp\/v2\/comments?post=786"}],"version-history":[{"count":4,"href":"https:\/\/www.bvvizela.pt\/site\/wp-json\/wp\/v2\/posts\/786\/revisions"}],"predecessor-version":[{"id":811,"href":"https:\/\/www.bvvizela.pt\/site\/wp-json\/wp\/v2\/posts\/786\/revisions\/811"}],"wp:attachment":[{"href":"https:\/\/www.bvvizela.pt\/site\/wp-json\/wp\/v2\/media?parent=786"}],"wp:term":[{"taxonomy":"category","embeddable":true,"href":"https:\/\/www.bvvizela.pt\/site\/wp-json\/wp\/v2\/categories?post=786"},{"taxonomy":"post_tag","embeddable":true,"href":"https:\/\/www.bvvizela.pt\/site\/wp-json\/wp\/v2\/tags?post=786"}],"curies":[{"name":"wp","href":"https:\/\/api.w.org\/{rel}","templated":true}]}}