{"id":776,"date":"2010-10-18T14:50:50","date_gmt":"2010-10-18T13:50:50","guid":{"rendered":"http:\/\/www.bvvizela.pt\/site\/?p=776"},"modified":"2010-10-18T14:58:23","modified_gmt":"2010-10-18T13:58:23","slug":"bombeiros-de-vizela-participam-no-resgate-do-corpo-de-um-homem-de-33-anos-na-barragem-do-canicada-%e2%80%93-geres","status":"publish","type":"post","link":"https:\/\/www.bvvizela.pt\/site\/bombeiros-de-vizela-participam-no-resgate-do-corpo-de-um-homem-de-33-anos-na-barragem-do-canicada-%e2%80%93-geres\/","title":{"rendered":"Bombeiros de Vizela participam no resgate do corpo de um homem de 33 anos na barragem da Cani\u00e7ada \u2013 Ger\u00eas"},"content":{"rendered":"<p>Desde domingo a partir das 14:30 que os bombeiros de Vizela se juntaram aos B. V. Amares e mais tarde os B. V. de Barcelos no resgate do corpo de um homem de 33 anos que pereceu aos tentar salvar a filha de 4 aquando um mini-cruzeiro pelas \u00e1guas do rio Caldo junto\u00a0\u00e0 barragem da Cani\u00e7ada, que fica no Ger\u00eas \u2013 Terras de Bouro. Apresentaram-se ao servi\u00e7o 4 mergulhadores 2 barqueiros\/marinheiros e 1 elemento de apoio. As buscas mostraram-se infrut\u00edferas e regressaram \u00e1 vila termal pelas 22:30.<\/p>\n<p>O recome\u00e7o das buscas teve inicio \u00e0s 08h de segunda-feira com mais corpora\u00e7\u00f5es e outras entidades, at\u00e9 ao momento sem sucesso. Os B. V. Vizela apresentaram-se com 2 mergulhadores e 2 barqueiros\/marinheiros, tendo entrado na \u00e1gua cerca das 12h da tarde tal como acordado pelo Comando de Opera\u00e7\u00f5es, dirigido pelo Comandante de Terras de Bouro.<\/p>\n","protected":false},"excerpt":{"rendered":"<p>Desde domingo a partir das 14:30 que os bombeiros de Vizela se juntaram aos B. V. Amares e mais tarde os B. V. de Barcelos no resgate do corpo de um homem de 33 anos que pereceu aos tentar salvar<\/p>\n","protected":false},"author":3,"featured_media":0,"comment_status":"open","ping_status":"closed","sticky":false,"template":"","format":"standard","meta":{"ngg_post_thumbnail":0,"footnotes":""},"categories":[1],"tags":[],"class_list":["post-776","post","type-post","status-publish","format-standard","hentry","category-noticias"],"_links":{"self":[{"href":"https:\/\/www.bvvizela.pt\/site\/wp-json\/wp\/v2\/posts\/776","targetHints":{"allow":["GET"]}}],"collection":[{"href":"https:\/\/www.bvvizela.pt\/site\/wp-json\/wp\/v2\/posts"}],"about":[{"href":"https:\/\/www.bvvizela.pt\/site\/wp-json\/wp\/v2\/types\/post"}],"author":[{"embeddable":true,"href":"https:\/\/www.bvvizela.pt\/site\/wp-json\/wp\/v2\/users\/3"}],"replies":[{"embeddable":true,"href":"https:\/\/www.bvvizela.pt\/site\/wp-json\/wp\/v2\/comments?post=776"}],"version-history":[{"count":4,"href":"https:\/\/www.bvvizela.pt\/site\/wp-json\/wp\/v2\/posts\/776\/revisions"}],"predecessor-version":[{"id":779,"href":"https:\/\/www.bvvizela.pt\/site\/wp-json\/wp\/v2\/posts\/776\/revisions\/779"}],"wp:attachment":[{"href":"https:\/\/www.bvvizela.pt\/site\/wp-json\/wp\/v2\/media?parent=776"}],"wp:term":[{"taxonomy":"category","embeddable":true,"href":"https:\/\/www.bvvizela.pt\/site\/wp-json\/wp\/v2\/categories?post=776"},{"taxonomy":"post_tag","embeddable":true,"href":"https:\/\/www.bvvizela.pt\/site\/wp-json\/wp\/v2\/tags?post=776"}],"curies":[{"name":"wp","href":"https:\/\/api.w.org\/{rel}","templated":true}]}}