{"id":748,"date":"2010-10-11T20:53:21","date_gmt":"2010-10-11T19:53:21","guid":{"rendered":"http:\/\/www.bvvizela.pt\/site\/?p=748"},"modified":"2010-10-15T01:55:43","modified_gmt":"2010-10-15T00:55:43","slug":"falecimento-sr-luis-fernandes-de-oliveira","status":"publish","type":"post","link":"https:\/\/www.bvvizela.pt\/site\/falecimento-sr-luis-fernandes-de-oliveira\/","title":{"rendered":"FALECIMENTO DO Sr. LU\u00cdS FERNANDES DE OLIVEIRA"},"content":{"rendered":"<p>Foi com muita tristeza e consterna\u00e7\u00e3o que a Real Associa\u00e7\u00e3o Humanit\u00e1ria dos Bombeiros Volunt\u00e1rios de Vizela tomou conhecimento do falecimento do seu ex\u2013 dirigente Lu\u00eds Fernandes de Oliveira.<\/p>\n<p>&#8211; Nasceu a 01 de Abril de 1939<br \/>\n&#8211; Entrou para os Org\u00e3os Sociais da Associa\u00e7\u00e3o em 1971<br \/>\n&#8211; Deixou os Corpo Directivo da Associa\u00e7\u00e3o em 1994<\/p>\n<p>Serviu a Associa\u00e7\u00e3o de uma forma devotada, durante 24 anos, onde desempenhou os seguintes cargos:<\/p>\n<p>&#8211; de 1971 a 1973 \u2013 Secret\u00e1rio da Assembleia Geral<br \/>\n&#8211; de 1974 a 1976 \u2013 Vogal da Direc\u00e7\u00e3o<br \/>\n&#8211; de 1977 a 1979 \u2013 1.\u00ba Secret\u00e1rio da Direc\u00e7\u00e3o<br \/>\n&#8211; de 1980 a 1982 \u2013 1.\u00ba Secret\u00e1rio da Direc\u00e7\u00e3o<br \/>\n&#8211; de 1983 a 1985 \u2013 Tesoureiro da Direc\u00e7\u00e3o<br \/>\n&#8211; de 1986 a 1988 \u2013 Tesoureiro da Direc\u00e7\u00e3o<br \/>\n&#8211; de 1989 a 1991 \u2013 Tesoureiro da Direc\u00e7\u00e3o<br \/>\n&#8211; de 1992 a 1994 \u2013 Vice-Presidente da Direc\u00e7\u00e3o<\/p>\n<p>N\u00e3o podemos deixar de destacar a sua ac\u00e7\u00e3o determinante no centen\u00e1rio da Associa\u00e7\u00e3o e na constru\u00e7\u00e3o \/ inaugura\u00e7\u00e3o do novo quartel, em 1988, bem como as seguintes distin\u00e7\u00f5es e medalhas que \u2013 ao longo do seu tempo de servi\u00e7o recebeu:<\/p>\n<p>&#8211; em 1975 um Voto de Louvor \u2013 Distin\u00e7\u00f5es Honor\u00edficas<br \/>\n&#8211; em 1979 um Voto de Louvor \u2013 Distin\u00e7\u00f5es Honor\u00edficas<br \/>\n&#8211; em 1987 um Voto de Louvor \u2013 Distin\u00e7\u00f5es Honor\u00edficas<br \/>\n&#8211; em 1988 a Medalha Gr\u00e3-Cruz Gratid\u00e3o &#8211; Ouro<br \/>\n&#8211; em 1989 um Voto de Louvor \u2013 Distin\u00e7\u00f5es Honor\u00edficas<\/p>\n<p>Dando corpo \u00e0 m\u00e1xima: os homens passam, mas as obras ficam, de que o Sr.<br \/>\nLu\u00eds \u00e9 exemplo na nossa Associa\u00e7\u00e3o, n\u00e3o podemos deixar de &#8211; neste nomento &#8211; destacar a sua dedica\u00e7\u00e3o, o seu envolvimento pessoal, as obras que ajudou a concretizar e a hist\u00f3ria rica que escreveu.<\/p>\n<p>A bandeira da Associa\u00e7\u00e3o ser\u00e1 colocada a \u00bd haste e, junto do f\u00e9retro que se encontra depositado na Igreja de S. Jo\u00e3o, donde sair\u00e1 para o cemit\u00e9rio da\u00a0mesma freguesia pelas 17:00 horas, depois de rezada a missa de corpo presente, ser\u00e1 colocada uma coroa de flores.<\/p>\n<p>A Associa\u00e7\u00e3o, o Comando e o Corpo Activo far-se-\u00e3o representar condignamente no acto.\u00a0<\/p>\n<p>A toda a fam\u00edlia enlutada, de todos os Corpos Sociais, do Comando e de todo<br \/>\no Corpo Activo, endossamos os nossos sentidos p\u00easames.<\/p>\n<p><!--more--><\/p>\n<p><a href=\"http:\/\/www.bvvizela.pt\/site\/wp-content\/uploads\/Lfo_9919051311.jpg\"><img loading=\"lazy\" decoding=\"async\" class=\"aligncenter size-medium wp-image-769\" title=\"Lfo_991905131\" src=\"http:\/\/www.bvvizela.pt\/site\/wp-content\/uploads\/Lfo_9919051311-276x300.jpg\" alt=\"\" width=\"81\" height=\"86\" \/><\/a><\/p>\n","protected":false},"excerpt":{"rendered":"<p>Foi com muita tristeza e consterna\u00e7\u00e3o que a Real Associa\u00e7\u00e3o Humanit\u00e1ria dos Bombeiros Volunt\u00e1rios de Vizela tomou conhecimento do falecimento do seu ex\u2013 dirigente Lu\u00eds Fernandes de Oliveira. &#8211; Nasceu a 01 de Abril de 1939 &#8211; Entrou para os<\/p>\n","protected":false},"author":3,"featured_media":0,"comment_status":"open","ping_status":"closed","sticky":false,"template":"","format":"standard","meta":{"ngg_post_thumbnail":0,"footnotes":""},"categories":[1],"tags":[],"class_list":["post-748","post","type-post","status-publish","format-standard","hentry","category-noticias"],"_links":{"self":[{"href":"https:\/\/www.bvvizela.pt\/site\/wp-json\/wp\/v2\/posts\/748","targetHints":{"allow":["GET"]}}],"collection":[{"href":"https:\/\/www.bvvizela.pt\/site\/wp-json\/wp\/v2\/posts"}],"about":[{"href":"https:\/\/www.bvvizela.pt\/site\/wp-json\/wp\/v2\/types\/post"}],"author":[{"embeddable":true,"href":"https:\/\/www.bvvizela.pt\/site\/wp-json\/wp\/v2\/users\/3"}],"replies":[{"embeddable":true,"href":"https:\/\/www.bvvizela.pt\/site\/wp-json\/wp\/v2\/comments?post=748"}],"version-history":[{"count":7,"href":"https:\/\/www.bvvizela.pt\/site\/wp-json\/wp\/v2\/posts\/748\/revisions"}],"predecessor-version":[{"id":750,"href":"https:\/\/www.bvvizela.pt\/site\/wp-json\/wp\/v2\/posts\/748\/revisions\/750"}],"wp:attachment":[{"href":"https:\/\/www.bvvizela.pt\/site\/wp-json\/wp\/v2\/media?parent=748"}],"wp:term":[{"taxonomy":"category","embeddable":true,"href":"https:\/\/www.bvvizela.pt\/site\/wp-json\/wp\/v2\/categories?post=748"},{"taxonomy":"post_tag","embeddable":true,"href":"https:\/\/www.bvvizela.pt\/site\/wp-json\/wp\/v2\/tags?post=748"}],"curies":[{"name":"wp","href":"https:\/\/api.w.org\/{rel}","templated":true}]}}