{"id":737,"date":"2010-10-08T15:04:13","date_gmt":"2010-10-08T14:04:13","guid":{"rendered":"http:\/\/www.bvvizela.pt\/site\/?p=737"},"modified":"2010-11-18T21:27:26","modified_gmt":"2010-11-18T21:27:26","slug":"assembleia-geral-em-29-de-outubro","status":"publish","type":"post","link":"https:\/\/www.bvvizela.pt\/site\/assembleia-geral-em-29-de-outubro\/","title":{"rendered":"Assembleia Geral em 29 de Outubro"},"content":{"rendered":"<p>O Presidente da Assembleia Geral, General Cipriano de Sousa Fernandes Alves, agendou\u00a0para o pr\u00f3ximo dia 29 do corrente m\u00eas de Outubro \u2013 Sexta-Feira, pelas 20:30 Horas\u00a0\u00a0uma\u00a0 Assembleia-Geral Ordin\u00e1ria.\u00a0 Nesta Assembleia ser\u00e1 apresentado para aprecia\u00e7\u00e3o e vota\u00e7\u00e3o o PO 2011. Incluir\u00e1, ainda, alguns protocolos a celebrar, em linha com a Campanha de Angaria\u00e7\u00e3o de Novos S\u00f3cios e do Gabinete Social do Bombeiro existente.<\/p>\n<p>Em cumprimento ao que determinam os nossos Estatutos, solicitamos a presen\u00e7a de todos os Associados.<\/p>\n<p>Em anexo, a convocat\u00f3ria oficial.<\/p>\n<p><a href=\"http:\/\/www.bvvizela.pt\/site\/wp-content\/uploads\/Convocat\u00f3ria-Assembleia-Geral-20101.pdf\">Convocat\u00f3ria Assembleia Geral 2010<\/a><\/p>\n","protected":false},"excerpt":{"rendered":"<p>O Presidente da Assembleia Geral, General Cipriano de Sousa Fernandes Alves, agendou\u00a0para o pr\u00f3ximo dia 29 do corrente m\u00eas de Outubro \u2013 Sexta-Feira, pelas 20:30 Horas\u00a0\u00a0uma\u00a0 Assembleia-Geral Ordin\u00e1ria.\u00a0 Nesta Assembleia ser\u00e1 apresentado para aprecia\u00e7\u00e3o e vota\u00e7\u00e3o o PO 2011. Incluir\u00e1,<\/p>\n","protected":false},"author":3,"featured_media":0,"comment_status":"open","ping_status":"closed","sticky":false,"template":"","format":"standard","meta":{"ngg_post_thumbnail":0,"footnotes":""},"categories":[1],"tags":[],"class_list":["post-737","post","type-post","status-publish","format-standard","hentry","category-noticias"],"_links":{"self":[{"href":"https:\/\/www.bvvizela.pt\/site\/wp-json\/wp\/v2\/posts\/737","targetHints":{"allow":["GET"]}}],"collection":[{"href":"https:\/\/www.bvvizela.pt\/site\/wp-json\/wp\/v2\/posts"}],"about":[{"href":"https:\/\/www.bvvizela.pt\/site\/wp-json\/wp\/v2\/types\/post"}],"author":[{"embeddable":true,"href":"https:\/\/www.bvvizela.pt\/site\/wp-json\/wp\/v2\/users\/3"}],"replies":[{"embeddable":true,"href":"https:\/\/www.bvvizela.pt\/site\/wp-json\/wp\/v2\/comments?post=737"}],"version-history":[{"count":15,"href":"https:\/\/www.bvvizela.pt\/site\/wp-json\/wp\/v2\/posts\/737\/revisions"}],"predecessor-version":[{"id":1034,"href":"https:\/\/www.bvvizela.pt\/site\/wp-json\/wp\/v2\/posts\/737\/revisions\/1034"}],"wp:attachment":[{"href":"https:\/\/www.bvvizela.pt\/site\/wp-json\/wp\/v2\/media?parent=737"}],"wp:term":[{"taxonomy":"category","embeddable":true,"href":"https:\/\/www.bvvizela.pt\/site\/wp-json\/wp\/v2\/categories?post=737"},{"taxonomy":"post_tag","embeddable":true,"href":"https:\/\/www.bvvizela.pt\/site\/wp-json\/wp\/v2\/tags?post=737"}],"curies":[{"name":"wp","href":"https:\/\/api.w.org\/{rel}","templated":true}]}}