{"id":6643,"date":"2023-03-12T22:09:00","date_gmt":"2023-03-12T22:09:00","guid":{"rendered":"https:\/\/www.bvvizela.pt\/site\/?p=6643"},"modified":"2023-03-23T10:46:18","modified_gmt":"2023-03-23T10:46:18","slug":"assembleia-geral-ordinaria-pc-2022","status":"publish","type":"post","link":"https:\/\/www.bvvizela.pt\/site\/assembleia-geral-ordinaria-pc-2022\/","title":{"rendered":"Assembleia Geral Ordin\u00e1ria \u2013 PC 2022"},"content":{"rendered":"<p><strong><a href=\"https:\/\/www.bvvizela.pt\/site\/wp-content\/uploads\/PROJECTO-ACTA-AG-25-11-2022-PAO-2023.pdf\">Projecto Acta AG 25-11-2022 &#8211; PAO 2023<\/a><\/strong><\/p>\n<p><a href=\"https:\/\/www.bvvizela.pt\/site\/wp-content\/uploads\/Demonstracoes-Financeiras-BVV2022-Balanco.pdf\">Demonstra\u00e7\u00f5es Financeiras-BVV2022 &#8211; Balan\u00e7o<\/a><\/p>\n<p><a href=\"https:\/\/www.bvvizela.pt\/site\/wp-content\/uploads\/Demonstracoes-Financeiras-BVV2022-DR-Natureza.pdf\">Demonstra\u00e7\u00f5es Financeiras-BVV2022 &#8211; DR Natureza<\/a><\/p>\n<p><a href=\"https:\/\/www.bvvizela.pt\/site\/wp-content\/uploads\/Demonstracoes-Financeiras-BVV2022-DR-Funcoes.pdf\">Demonstra\u00e7\u00f5es Financeiras-BVV2022 &#8211; DR Fun\u00e7\u00f5es<\/a><\/p>\n<p><a href=\"https:\/\/www.bvvizela.pt\/site\/wp-content\/uploads\/Demonstracoes-Financeiras-BVV2022-Demonstracoes-alteracoes-Fundos-Patrimoniais-2022.pdf\">Demonstra\u00e7\u00f5es Financeiras-BVV2022 &#8211; Demonstra\u00e7\u00f5es altera\u00e7\u00f5es Fundos Patrimoniais 2022<\/a><\/p>\n<p><a href=\"https:\/\/www.bvvizela.pt\/site\/wp-content\/uploads\/Demonstracoes-Financeiras-BVV2022-Demonstracoes-alteracoes-Fundos-Patrimoniais-2021.pdf\">Demonstra\u00e7\u00f5es Financeiras-BVV2022 &#8211; Demonstra\u00e7\u00f5es altera\u00e7\u00f5es Fundos Patrimoniais 2021<\/a><a href=\"https:\/\/www.bvvizela.pt\/site\/wp-content\/uploads\/Demonstracoes-Financeiras-BVV2022-Fluxos-de-Caixa.pdf\">Demonstra\u00e7\u00f5es Financeiras-BVV2022 &#8211; Fluxos de Caixa<\/a><\/p>\n<p>&nbsp;<\/p>\n<h4><strong><a href=\"https:\/\/www.bvvizela.pt\/site\/wp-content\/uploads\/Livro-AGO-23mar2023-Prestacao-Contas-2022.pdf\">Livro &#8211; AGO &#8211; 23mar2023 &#8211; Presta\u00e7\u00e3o Contas 2022<\/a><\/strong><\/h4>\n<hr \/>\n<p>&nbsp;<\/p>\n","protected":false},"excerpt":{"rendered":"<p>Projecto Acta AG 25-11-2022 &#8211; PAO 2023 Demonstra\u00e7\u00f5es Financeiras-BVV2022 &#8211; Balan\u00e7o Demonstra\u00e7\u00f5es Financeiras-BVV2022 &#8211; DR Natureza Demonstra\u00e7\u00f5es Financeiras-BVV2022 &#8211; DR Fun\u00e7\u00f5es Demonstra\u00e7\u00f5es Financeiras-BVV2022 &#8211; Demonstra\u00e7\u00f5es altera\u00e7\u00f5es Fundos Patrimoniais 2022 Demonstra\u00e7\u00f5es Financeiras-BVV2022 &#8211; Demonstra\u00e7\u00f5es altera\u00e7\u00f5es Fundos Patrimoniais 2021Demonstra\u00e7\u00f5es Financeiras-BVV2022 &#8211; Fluxos<\/p>\n","protected":false},"author":5,"featured_media":0,"comment_status":"closed","ping_status":"closed","sticky":false,"template":"","format":"standard","meta":{"ngg_post_thumbnail":0,"footnotes":""},"categories":[1],"tags":[],"class_list":["post-6643","post","type-post","status-publish","format-standard","hentry","category-noticias"],"_links":{"self":[{"href":"https:\/\/www.bvvizela.pt\/site\/wp-json\/wp\/v2\/posts\/6643","targetHints":{"allow":["GET"]}}],"collection":[{"href":"https:\/\/www.bvvizela.pt\/site\/wp-json\/wp\/v2\/posts"}],"about":[{"href":"https:\/\/www.bvvizela.pt\/site\/wp-json\/wp\/v2\/types\/post"}],"author":[{"embeddable":true,"href":"https:\/\/www.bvvizela.pt\/site\/wp-json\/wp\/v2\/users\/5"}],"replies":[{"embeddable":true,"href":"https:\/\/www.bvvizela.pt\/site\/wp-json\/wp\/v2\/comments?post=6643"}],"version-history":[{"count":5,"href":"https:\/\/www.bvvizela.pt\/site\/wp-json\/wp\/v2\/posts\/6643\/revisions"}],"predecessor-version":[{"id":6686,"href":"https:\/\/www.bvvizela.pt\/site\/wp-json\/wp\/v2\/posts\/6643\/revisions\/6686"}],"wp:attachment":[{"href":"https:\/\/www.bvvizela.pt\/site\/wp-json\/wp\/v2\/media?parent=6643"}],"wp:term":[{"taxonomy":"category","embeddable":true,"href":"https:\/\/www.bvvizela.pt\/site\/wp-json\/wp\/v2\/categories?post=6643"},{"taxonomy":"post_tag","embeddable":true,"href":"https:\/\/www.bvvizela.pt\/site\/wp-json\/wp\/v2\/tags?post=6643"}],"curies":[{"name":"wp","href":"https:\/\/api.w.org\/{rel}","templated":true}]}}