{"id":6347,"date":"2021-04-29T12:49:28","date_gmt":"2021-04-29T11:49:28","guid":{"rendered":"https:\/\/www.bvvizela.pt\/site\/?p=6347"},"modified":"2021-04-29T12:49:28","modified_gmt":"2021-04-29T11:49:28","slug":"falecimento-17","status":"publish","type":"post","link":"https:\/\/www.bvvizela.pt\/site\/falecimento-17\/","title":{"rendered":"FALECIMENTO"},"content":{"rendered":"<div class=\"o9v6fnle cxmmr5t8 oygrvhab hcukyx3x c1et5uql ii04i59q\">\n<div dir=\"auto\">\u00c9 com profundo pesar que informamos do falecimento do Bombeiro do Quadro de Honra, Joaquim de Ara\u00fajo Ribeiro.<\/div>\n<\/div>\n<div class=\"o9v6fnle cxmmr5t8 oygrvhab hcukyx3x c1et5uql ii04i59q\">\n<div dir=\"auto\">Joaquim de Ara\u00fajo Ribeiro, ingressou no Corpo Activo da Real Associa\u00e7\u00e3o Humanit\u00e1ria de Bombeiros Volunt\u00e1rios de Vizela, a um de maio do ano de 1959 e, durante 40 anos esteve ao servi\u00e7o dos Bombeiros na qualidade de motorista do Quadro Auxiliar.<\/div>\n<\/div>\n<div class=\"o9v6fnle cxmmr5t8 oygrvhab hcukyx3x c1et5uql ii04i59q\">\n<div dir=\"auto\">Atualmente era um dos nossos Bravos Her\u00f3is que integrava o nosso honor\u00e1vel Quadro de Honra.<\/div>\n<\/div>\n<div class=\"o9v6fnle cxmmr5t8 oygrvhab hcukyx3x c1et5uql ii04i59q\">\n<div dir=\"auto\">Pela forma brilhante e incontest\u00e1vel que, sempre mostrou total disponibilidade para exercer as fun\u00e7\u00f5es de motorista nos bombeiros, foi reconhecido e medalhado, por diversas vezes, quer pela Real Associa\u00e7\u00e3o, quer pela Liga dos Bombeiros Portugueses, pelos bons e efetivos servi\u00e7os prestados.<\/div>\n<\/div>\n<div class=\"o9v6fnle cxmmr5t8 oygrvhab hcukyx3x c1et5uql ii04i59q\">\n<div dir=\"auto\">Algu\u00e9m que sempre lutou, como bombeiro pela vida dos outros e que, infelizmente, se sentiu debilitado na necess\u00e1ria luta pela sua vida.<\/div>\n<\/div>\n<div class=\"o9v6fnle cxmmr5t8 oygrvhab hcukyx3x c1et5uql ii04i59q\">\n<div dir=\"auto\">Neste momento de dor, endere\u00e7amos \u00e0 fam\u00edlia enlutada e amigos, as sentidas condol\u00eancias, pela perda de seu ente querido.<\/div>\n<div dir=\"auto\">&nbsp;<\/div>\n<\/div>\n<div class=\"o9v6fnle cxmmr5t8 oygrvhab hcukyx3x c1et5uql ii04i59q\">\n<div dir=\"auto\">Descanse em Paz<\/div>\n<\/div>\n<div dir=\"auto\">A Direc\u00e7\u00e3o e Comando da RAHBVV<\/div>\n<div dir=\"auto\"><a href=\"https:\/\/www.bvvizela.pt\/site\/wp-content\/uploads\/Joaquim-Ribeiro.png\"><img loading=\"lazy\" decoding=\"async\" class=\"aligncenter size-full wp-image-6348\" src=\"https:\/\/www.bvvizela.pt\/site\/wp-content\/uploads\/Joaquim-Ribeiro.png\" alt=\"\" width=\"176\" height=\"247\"\/><\/a><\/div>\n","protected":false},"excerpt":{"rendered":"<p>\u00c9 com profundo pesar que informamos do falecimento do Bombeiro do Quadro de Honra, Joaquim de Ara\u00fajo Ribeiro. Joaquim de Ara\u00fajo Ribeiro, ingressou no Corpo Activo da Real Associa\u00e7\u00e3o Humanit\u00e1ria de Bombeiros Volunt\u00e1rios de Vizela, a um de maio do<\/p>\n","protected":false},"author":5,"featured_media":0,"comment_status":"closed","ping_status":"closed","sticky":false,"template":"","format":"standard","meta":{"ngg_post_thumbnail":0,"footnotes":""},"categories":[1],"tags":[],"class_list":["post-6347","post","type-post","status-publish","format-standard","hentry","category-noticias"],"_links":{"self":[{"href":"https:\/\/www.bvvizela.pt\/site\/wp-json\/wp\/v2\/posts\/6347","targetHints":{"allow":["GET"]}}],"collection":[{"href":"https:\/\/www.bvvizela.pt\/site\/wp-json\/wp\/v2\/posts"}],"about":[{"href":"https:\/\/www.bvvizela.pt\/site\/wp-json\/wp\/v2\/types\/post"}],"author":[{"embeddable":true,"href":"https:\/\/www.bvvizela.pt\/site\/wp-json\/wp\/v2\/users\/5"}],"replies":[{"embeddable":true,"href":"https:\/\/www.bvvizela.pt\/site\/wp-json\/wp\/v2\/comments?post=6347"}],"version-history":[{"count":1,"href":"https:\/\/www.bvvizela.pt\/site\/wp-json\/wp\/v2\/posts\/6347\/revisions"}],"predecessor-version":[{"id":6349,"href":"https:\/\/www.bvvizela.pt\/site\/wp-json\/wp\/v2\/posts\/6347\/revisions\/6349"}],"wp:attachment":[{"href":"https:\/\/www.bvvizela.pt\/site\/wp-json\/wp\/v2\/media?parent=6347"}],"wp:term":[{"taxonomy":"category","embeddable":true,"href":"https:\/\/www.bvvizela.pt\/site\/wp-json\/wp\/v2\/categories?post=6347"},{"taxonomy":"post_tag","embeddable":true,"href":"https:\/\/www.bvvizela.pt\/site\/wp-json\/wp\/v2\/tags?post=6347"}],"curies":[{"name":"wp","href":"https:\/\/api.w.org\/{rel}","templated":true}]}}