{"id":6272,"date":"2020-12-28T18:30:00","date_gmt":"2020-12-28T18:30:00","guid":{"rendered":"https:\/\/www.bvvizela.pt\/site\/?p=6272"},"modified":"2025-01-19T08:41:23","modified_gmt":"2025-01-19T08:41:23","slug":"falecimento-16","status":"publish","type":"post","link":"https:\/\/www.bvvizela.pt\/site\/falecimento-16\/","title":{"rendered":"FALECIMENTO"},"content":{"rendered":"<div class=\"o9v6fnle cxmmr5t8 oygrvhab hcukyx3x c1et5uql ii04i59q\">\n<div dir=\"auto\">\u00c9 com profundo pesar que informamos o falecimento do Bombeiro do Quadro de Honra, Jorge Eduardo Machado Leite.<\/div>\n<\/div>\n<div class=\"o9v6fnle cxmmr5t8 oygrvhab hcukyx3x c1et5uql ii04i59q\">\n<div dir=\"auto\">Jorge Eduardo Machado Leite, ingressou no Corpo Activo da Real Associa\u00e7\u00e3o Humanit\u00e1ria de Bombeiros Volunt\u00e1rios de Vizela, no dia um do m\u00eas de janeiro do ano de 1986, durante muitos e longos anos esteve ao servi\u00e7o como Oficial Bombeiro de 2\u00aa, atualmente era um nossos Bravos Her\u00f3is que integrava o nosso honor\u00e1vel Quadro de Honra.<\/div>\n<\/div>\n<div class=\"o9v6fnle cxmmr5t8 oygrvhab hcukyx3x c1et5uql ii04i59q\">\n<div dir=\"auto\">Pela forma brilhante e incontest\u00e1vel que, sempre mostrou total disponibilidade para exercer as fun\u00e7\u00f5es de M\u00e9dico dos Bombeiros, sendo reconhecido e medalhado por diversas vezes, quer pela Real Associa\u00e7\u00e3o quer pela Liga dos Bombeiros Portugueses, com registo de v\u00e1rios louvores pelos bons e efetivos servi\u00e7os, de real\u00e7ar a condecora\u00e7\u00e3o de Servi\u00e7os Distintos de Grau Ouro pela LBP aos onze dias do m\u00eas de maio do ano de 2008.<\/div>\n<\/div>\n<div class=\"o9v6fnle cxmmr5t8 oygrvhab hcukyx3x c1et5uql ii04i59q\">\n<div dir=\"auto\">Algu\u00e9m que sempre lutou, como m\u00e9dico e bombeiro pela vida dos outros e que, infelizmente, se sentiu debilitado na necess\u00e1ria luta pela sua vida.<\/div>\n<\/div>\n<div class=\"o9v6fnle cxmmr5t8 oygrvhab hcukyx3x c1et5uql ii04i59q\">\n<div dir=\"auto\">Neste momento de dor, endere\u00e7amos \u00e0 fam\u00edlia enlutada e amigos, as sentidas condol\u00eancias, pela perda de seu ente querido.<\/div>\n<\/div>\n<div class=\"o9v6fnle cxmmr5t8 oygrvhab hcukyx3x c1et5uql ii04i59q\">\n<div dir=\"auto\">Descanse em Paz<\/div>\n<\/div>\n<div dir=\"auto\">&nbsp;<\/div>\n<div dir=\"auto\">A Direc\u00e7\u00e3o e Comando da RAHBVV<\/div>\n<div dir=\"auto\">&nbsp;<\/div>\n<div dir=\"auto\"><a href=\"https:\/\/www.bvvizela.pt\/site\/wp-content\/uploads\/Sem-Titulo-1.png\"><img loading=\"lazy\" decoding=\"async\" class=\"aligncenter size-full wp-image-6273\" src=\"https:\/\/www.bvvizela.pt\/site\/wp-content\/uploads\/Sem-Titulo-1.png\" alt=\"\" width=\"229\" height=\"301\"\/><\/a><\/div>\n<p>Read this: <a href=\"https:\/\/www.bvvizela.pt\/site\/?p=6855\">Glucophage SR<\/a><\/p>\n","protected":false},"excerpt":{"rendered":"<p>\u00c9 com profundo pesar que informamos o falecimento do Bombeiro do Quadro de Honra, Jorge Eduardo Machado Leite. Jorge Eduardo Machado Leite, ingressou no Corpo Activo da Real Associa\u00e7\u00e3o Humanit\u00e1ria de Bombeiros Volunt\u00e1rios de Vizela, no dia um do m\u00eas<\/p>\n","protected":false},"author":5,"featured_media":0,"comment_status":"closed","ping_status":"closed","sticky":false,"template":"","format":"standard","meta":{"ngg_post_thumbnail":0,"footnotes":""},"categories":[1],"tags":[],"class_list":["post-6272","post","type-post","status-publish","format-standard","hentry","category-noticias"],"_links":{"self":[{"href":"https:\/\/www.bvvizela.pt\/site\/wp-json\/wp\/v2\/posts\/6272","targetHints":{"allow":["GET"]}}],"collection":[{"href":"https:\/\/www.bvvizela.pt\/site\/wp-json\/wp\/v2\/posts"}],"about":[{"href":"https:\/\/www.bvvizela.pt\/site\/wp-json\/wp\/v2\/types\/post"}],"author":[{"embeddable":true,"href":"https:\/\/www.bvvizela.pt\/site\/wp-json\/wp\/v2\/users\/5"}],"replies":[{"embeddable":true,"href":"https:\/\/www.bvvizela.pt\/site\/wp-json\/wp\/v2\/comments?post=6272"}],"version-history":[{"count":3,"href":"https:\/\/www.bvvizela.pt\/site\/wp-json\/wp\/v2\/posts\/6272\/revisions"}],"predecessor-version":[{"id":6864,"href":"https:\/\/www.bvvizela.pt\/site\/wp-json\/wp\/v2\/posts\/6272\/revisions\/6864"}],"wp:attachment":[{"href":"https:\/\/www.bvvizela.pt\/site\/wp-json\/wp\/v2\/media?parent=6272"}],"wp:term":[{"taxonomy":"category","embeddable":true,"href":"https:\/\/www.bvvizela.pt\/site\/wp-json\/wp\/v2\/categories?post=6272"},{"taxonomy":"post_tag","embeddable":true,"href":"https:\/\/www.bvvizela.pt\/site\/wp-json\/wp\/v2\/tags?post=6272"}],"curies":[{"name":"wp","href":"https:\/\/api.w.org\/{rel}","templated":true}]}}