{"id":6162,"date":"2020-04-25T13:30:59","date_gmt":"2020-04-25T12:30:59","guid":{"rendered":"https:\/\/www.bvvizela.pt\/site\/?p=6162"},"modified":"2020-12-28T16:23:12","modified_gmt":"2020-12-28T16:23:12","slug":"condolencias","status":"publish","type":"post","link":"https:\/\/www.bvvizela.pt\/site\/condolencias\/","title":{"rendered":"ALECIMENTO"},"content":{"rendered":"<p><a href=\"https:\/\/www.bvvizela.pt\/site\/wp-content\/uploads\/D\u00aa-Maria.jpg\"><img loading=\"lazy\" decoding=\"async\" class=\"aligncenter size-medium wp-image-6163\" src=\"https:\/\/www.bvvizela.pt\/site\/wp-content\/uploads\/D\u00aa-Maria-242x300.jpg\" alt=\"\" width=\"242\" height=\"300\" srcset=\"https:\/\/www.bvvizela.pt\/site\/wp-content\/uploads\/D\u00aa-Maria-242x300.jpg 242w, https:\/\/www.bvvizela.pt\/site\/wp-content\/uploads\/D\u00aa-Maria.jpg 322w\" sizes=\"auto, (max-width: 242px) 100vw, 242px\" \/><\/a>A Dire\u00e7\u00e3o e o Comando em nome da RAHBVV, v\u00eam por este meio apresentar o sentido pesar ao Dr. V\u00edtor Hugo Salgado, Presidente da C\u00e2mara Municipal de Vizela pelo falecimento da sua av\u00f3, senhora D\u00aa Maria Joaquina da Silva Ferreira, em\u00e9rita Vizelense.<\/p>\n<p>Neste momento dif\u00edcil de dor e consterna\u00e7\u00e3o, endere\u00e7amos assim a toda a fam\u00edlia enlutada, as sentidas condol\u00eancias, pela perda de seu ente querido e manifestamos todo o nosso sentimento de grata e eterna admira\u00e7\u00e3o, em jeito de singela homenagem.<\/p>\n<p>A Dire\u00e7\u00e3o e o Comando &#8211; RAHBVV<\/p>\n","protected":false},"excerpt":{"rendered":"<p>A Dire\u00e7\u00e3o e o Comando em nome da RAHBVV, v\u00eam por este meio apresentar o sentido pesar ao Dr. V\u00edtor Hugo Salgado, Presidente da C\u00e2mara Municipal de Vizela pelo falecimento da sua av\u00f3, senhora D\u00aa Maria Joaquina da Silva Ferreira,<\/p>\n","protected":false},"author":5,"featured_media":0,"comment_status":"closed","ping_status":"closed","sticky":false,"template":"","format":"standard","meta":{"ngg_post_thumbnail":0,"footnotes":""},"categories":[1],"tags":[],"class_list":["post-6162","post","type-post","status-publish","format-standard","hentry","category-noticias"],"_links":{"self":[{"href":"https:\/\/www.bvvizela.pt\/site\/wp-json\/wp\/v2\/posts\/6162","targetHints":{"allow":["GET"]}}],"collection":[{"href":"https:\/\/www.bvvizela.pt\/site\/wp-json\/wp\/v2\/posts"}],"about":[{"href":"https:\/\/www.bvvizela.pt\/site\/wp-json\/wp\/v2\/types\/post"}],"author":[{"embeddable":true,"href":"https:\/\/www.bvvizela.pt\/site\/wp-json\/wp\/v2\/users\/5"}],"replies":[{"embeddable":true,"href":"https:\/\/www.bvvizela.pt\/site\/wp-json\/wp\/v2\/comments?post=6162"}],"version-history":[{"count":3,"href":"https:\/\/www.bvvizela.pt\/site\/wp-json\/wp\/v2\/posts\/6162\/revisions"}],"predecessor-version":[{"id":6278,"href":"https:\/\/www.bvvizela.pt\/site\/wp-json\/wp\/v2\/posts\/6162\/revisions\/6278"}],"wp:attachment":[{"href":"https:\/\/www.bvvizela.pt\/site\/wp-json\/wp\/v2\/media?parent=6162"}],"wp:term":[{"taxonomy":"category","embeddable":true,"href":"https:\/\/www.bvvizela.pt\/site\/wp-json\/wp\/v2\/categories?post=6162"},{"taxonomy":"post_tag","embeddable":true,"href":"https:\/\/www.bvvizela.pt\/site\/wp-json\/wp\/v2\/tags?post=6162"}],"curies":[{"name":"wp","href":"https:\/\/api.w.org\/{rel}","templated":true}]}}