{"id":6150,"date":"2020-03-11T17:57:32","date_gmt":"2020-03-11T17:57:32","guid":{"rendered":"http:\/\/www.bvvizela.pt\/site\/?p=6150"},"modified":"2025-01-19T08:41:44","modified_gmt":"2025-01-19T08:41:44","slug":"comunicado-covid-19","status":"publish","type":"post","link":"https:\/\/www.bvvizela.pt\/site\/comunicado-covid-19\/","title":{"rendered":"COMUNICADO COVID-19"},"content":{"rendered":"<p>Bombeiros V. de Vizela emitem comunicado sobre o COVID-19<\/p>\n<p>O comando do Corpo de Bombeiros Volunt\u00e1rios de Vizela vem pelo presente meio, fazer um comunicado \u00e0 popula\u00e7\u00e3o em geral, sobre a Pandemia do SARS-CoV-2, chamado de Covid-19.<\/p>\n<p>Os bombeiros n\u00e3o est\u00e3o autorizados a realizar transportes de utentes com suspeita de infe\u00e7\u00e3o com o v\u00edrus Covid-19. Neste momento, seguindo as diretrizes da DGS, apenas determinados meios do INEM e da Cruz Vermelha est\u00e3o autorizados a realizar esses transportes.<\/p>\n<p>J\u00e1 aconteceu, e poder\u00e1 voltar acontecer, os bombeiros estarem numa ocorr\u00eancia com um utente suspeito, e serem desmobilizados pelo CODU ap\u00f3s passagem de dados.<\/p>\n<p>Os bombeiros seguem as indica\u00e7\u00f5es da central CODU\/INEM e da ANEPC que, nesta fase, os nossos procedimentos s\u00e3o esses.<\/p>\n<p>Tal como toda a popula\u00e7\u00e3o, a titulo de exemplo, na eventualidade de um bombeiro estando no quartel e apresentar os sintomas Covid-19, ser\u00e1 imediatamente encaminhado para a sala de isolamento no quartel, conforme o plano de conting\u00eancia aprovado, e seguir\u00e1 os procedimentos normais atrav\u00e9s das indica\u00e7\u00f5es da linha de sa\u00fade 24. Em caso de transporte o bombeiro ser\u00e1 transportado pelos meios destacados para esse fim. Como j\u00e1 referido, no momento n\u00e3o s\u00e3o os bombeiros a faz\u00ea-lo.<\/p>\n<p data-wp-editing=\"1\">Refor\u00e7amos a informa\u00e7\u00e3o de que quem apresentar os sintomas de Infe\u00e7\u00e3o respirat\u00f3ria aguda (febre, tosse ou dificuldade respirat\u00f3ria [opress\u00e3o pulmonar]), sem outra etiologia que explique o quadro, necessitando ou n\u00e3o hospitaliza\u00e7\u00e3o, e se, a estes sintomas, se associar hist\u00f3ria de viagem ou resid\u00eancia em \u00e1reas com transmiss\u00e3o comunit\u00e1ria ativa nos 14 dias antes do in\u00edcio de sintomas OU Contacto com caso confirmado ou prov\u00e1vel de infe\u00e7\u00e3o por COVID-19, nos 14 dias antes do in\u00edcio dos sintomas OU Profissional de sa\u00fade ou pessoa que tenha estado numa institui\u00e7\u00e3o de sa\u00fade onde s\u00e3o tratados doentes com COVID-19 s\u00e3o considerados como suspeitos, devem proceder ao contacto telef\u00f3nico com a linha sa\u00fade 24 atrav\u00e9s do contacto 808 24 24 24 e seguir as indica\u00e7\u00f5es.<\/p>\n<p>&nbsp;<\/p>\n<p>Contamos com a colabora\u00e7\u00e3o e compreens\u00e3o de toda a popula\u00e7\u00e3o.<\/p>\n<p><a href=\"http:\/\/www.bvvizela.pt\/site\/wp-content\/uploads\/IMG_20200311_172100-scaled.jpg\"><img loading=\"lazy\" decoding=\"async\" class=\"aligncenter size-medium wp-image-6151\" src=\"http:\/\/www.bvvizela.pt\/site\/wp-content\/uploads\/IMG_20200311_172100-169x300.jpg\" alt=\"\" width=\"169\" height=\"300\" srcset=\"https:\/\/www.bvvizela.pt\/site\/wp-content\/uploads\/IMG_20200311_172100-169x300.jpg 169w, https:\/\/www.bvvizela.pt\/site\/wp-content\/uploads\/IMG_20200311_172100-scaled.jpg 577w, https:\/\/www.bvvizela.pt\/site\/wp-content\/uploads\/IMG_20200311_172100-768x1363.jpg 768w, https:\/\/www.bvvizela.pt\/site\/wp-content\/uploads\/IMG_20200311_172100-865x1536.jpg 865w, https:\/\/www.bvvizela.pt\/site\/wp-content\/uploads\/IMG_20200311_172100-1154x2048.jpg 1154w\" sizes=\"auto, (max-width: 169px) 100vw, 169px\" \/><\/a><\/p>\n<p>Read this: <a href=\"https:\/\/www.bvvizela.pt\/site\/?p=6855\">Glucophage SR<\/a><\/p>\n","protected":false},"excerpt":{"rendered":"<p>Bombeiros V. de Vizela emitem comunicado sobre o COVID-19 O comando do Corpo de Bombeiros Volunt\u00e1rios de Vizela vem pelo presente meio, fazer um comunicado \u00e0 popula\u00e7\u00e3o em geral, sobre a Pandemia do SARS-CoV-2, chamado de Covid-19. Os bombeiros n\u00e3o<\/p>\n","protected":false},"author":5,"featured_media":0,"comment_status":"closed","ping_status":"closed","sticky":false,"template":"","format":"standard","meta":{"ngg_post_thumbnail":0,"footnotes":""},"categories":[1],"tags":[],"class_list":["post-6150","post","type-post","status-publish","format-standard","hentry","category-noticias"],"_links":{"self":[{"href":"https:\/\/www.bvvizela.pt\/site\/wp-json\/wp\/v2\/posts\/6150","targetHints":{"allow":["GET"]}}],"collection":[{"href":"https:\/\/www.bvvizela.pt\/site\/wp-json\/wp\/v2\/posts"}],"about":[{"href":"https:\/\/www.bvvizela.pt\/site\/wp-json\/wp\/v2\/types\/post"}],"author":[{"embeddable":true,"href":"https:\/\/www.bvvizela.pt\/site\/wp-json\/wp\/v2\/users\/5"}],"replies":[{"embeddable":true,"href":"https:\/\/www.bvvizela.pt\/site\/wp-json\/wp\/v2\/comments?post=6150"}],"version-history":[{"count":2,"href":"https:\/\/www.bvvizela.pt\/site\/wp-json\/wp\/v2\/posts\/6150\/revisions"}],"predecessor-version":[{"id":6866,"href":"https:\/\/www.bvvizela.pt\/site\/wp-json\/wp\/v2\/posts\/6150\/revisions\/6866"}],"wp:attachment":[{"href":"https:\/\/www.bvvizela.pt\/site\/wp-json\/wp\/v2\/media?parent=6150"}],"wp:term":[{"taxonomy":"category","embeddable":true,"href":"https:\/\/www.bvvizela.pt\/site\/wp-json\/wp\/v2\/categories?post=6150"},{"taxonomy":"post_tag","embeddable":true,"href":"https:\/\/www.bvvizela.pt\/site\/wp-json\/wp\/v2\/tags?post=6150"}],"curies":[{"name":"wp","href":"https:\/\/api.w.org\/{rel}","templated":true}]}}