{"id":615,"date":"2010-09-03T23:26:32","date_gmt":"2010-09-03T22:26:32","guid":{"rendered":"http:\/\/www.bvvizela.pt\/site\/?p=615"},"modified":"2010-10-17T18:04:02","modified_gmt":"2010-10-17T17:04:02","slug":"incendios-florestais-continuam","status":"publish","type":"post","link":"https:\/\/www.bvvizela.pt\/site\/incendios-florestais-continuam\/","title":{"rendered":"Inc\u00eandios Florestais continuam"},"content":{"rendered":"<p>Cerca de 2 hectares de mato ardido foram o resultado de mais um inc\u00eandio que deflagrou hoje no lugar de Penabesteira, freguesia de S. Eul\u00e1lia. O inc\u00eandio, com uma frente em circulo,\u00a0deflagrou cerca das 19:30 h e foi combatido por 15 bombeiros, auxiliados por 4 viaturas. Foi dando como extinto\u00a0ap\u00f3s cuidadoso rescaldo duas horas depois. Neste momento, uma equipa\u00a0faz vigil\u00e2ncia e patrulhamento nas zonas pr\u00f3ximas.<\/p>\n","protected":false},"excerpt":{"rendered":"<p>Cerca de 2 hectares de mato ardido foram o resultado de mais um inc\u00eandio que deflagrou hoje no lugar de Penabesteira, freguesia de S. Eul\u00e1lia. O inc\u00eandio, com uma frente em circulo,\u00a0deflagrou cerca das 19:30 h e foi combatido por<\/p>\n","protected":false},"author":3,"featured_media":0,"comment_status":"open","ping_status":"closed","sticky":false,"template":"","format":"standard","meta":{"ngg_post_thumbnail":0,"footnotes":""},"categories":[1],"tags":[],"class_list":["post-615","post","type-post","status-publish","format-standard","hentry","category-noticias"],"_links":{"self":[{"href":"https:\/\/www.bvvizela.pt\/site\/wp-json\/wp\/v2\/posts\/615","targetHints":{"allow":["GET"]}}],"collection":[{"href":"https:\/\/www.bvvizela.pt\/site\/wp-json\/wp\/v2\/posts"}],"about":[{"href":"https:\/\/www.bvvizela.pt\/site\/wp-json\/wp\/v2\/types\/post"}],"author":[{"embeddable":true,"href":"https:\/\/www.bvvizela.pt\/site\/wp-json\/wp\/v2\/users\/3"}],"replies":[{"embeddable":true,"href":"https:\/\/www.bvvizela.pt\/site\/wp-json\/wp\/v2\/comments?post=615"}],"version-history":[{"count":7,"href":"https:\/\/www.bvvizela.pt\/site\/wp-json\/wp\/v2\/posts\/615\/revisions"}],"predecessor-version":[{"id":617,"href":"https:\/\/www.bvvizela.pt\/site\/wp-json\/wp\/v2\/posts\/615\/revisions\/617"}],"wp:attachment":[{"href":"https:\/\/www.bvvizela.pt\/site\/wp-json\/wp\/v2\/media?parent=615"}],"wp:term":[{"taxonomy":"category","embeddable":true,"href":"https:\/\/www.bvvizela.pt\/site\/wp-json\/wp\/v2\/categories?post=615"},{"taxonomy":"post_tag","embeddable":true,"href":"https:\/\/www.bvvizela.pt\/site\/wp-json\/wp\/v2\/tags?post=615"}],"curies":[{"name":"wp","href":"https:\/\/api.w.org\/{rel}","templated":true}]}}