{"id":6142,"date":"2020-03-01T09:00:15","date_gmt":"2020-03-01T09:00:15","guid":{"rendered":"http:\/\/www.bvvizela.pt\/site\/?p=6142"},"modified":"2020-02-28T21:33:04","modified_gmt":"2020-02-28T21:33:04","slug":"reconhecimento","status":"publish","type":"post","link":"https:\/\/www.bvvizela.pt\/site\/reconhecimento\/","title":{"rendered":"RECONHECIMENTO"},"content":{"rendered":"<p><strong><a href=\"http:\/\/www.bvvizela.pt\/site\/wp-content\/uploads\/joaquim-de-sousa-oliveira-1.png\"><img loading=\"lazy\" decoding=\"async\" class=\"aligncenter  wp-image-6143\" src=\"http:\/\/www.bvvizela.pt\/site\/wp-content\/uploads\/joaquim-de-sousa-oliveira-1-300x114.png\" alt=\"\" width=\"557\" height=\"212\" srcset=\"https:\/\/www.bvvizela.pt\/site\/wp-content\/uploads\/joaquim-de-sousa-oliveira-1-300x114.png 300w, https:\/\/www.bvvizela.pt\/site\/wp-content\/uploads\/joaquim-de-sousa-oliveira-1-768x292.png 768w, https:\/\/www.bvvizela.pt\/site\/wp-content\/uploads\/joaquim-de-sousa-oliveira-1.png 820w\" sizes=\"auto, (max-width: 557px) 100vw, 557px\" \/><\/a>Comendador Joaquim de Sousa Oliveira<\/strong><\/p>\n<p>Vizelense bairrista, grande industrial, benem\u00e9rito e filantropo, o Comendador Joaquim de Sousa Oliveira deixou na Real Associa\u00e7\u00e3o de Bombeiros Volunt\u00e1rios de Vizela, grande saudade e elevada estima.<\/p>\n<p>Em 1942 tomou posse como Presidente da Dire\u00e7\u00e3o da Real Associa\u00e7\u00e3o Humanit\u00e1ria dos Bombeiros Volunt\u00e1rios de Vizela, cargo que ocupou at\u00e9 24 de Fevereiro de 1948.<\/p>\n<p>\u00c9 sob a sua dire\u00e7\u00e3o, em 1944, que no 67\u00ba anivers\u00e1rio dos Bombeiros Volunt\u00e1rios de Vizela \u00e9 dada a boa nova da constru\u00e7\u00e3o de um novo quartel.<\/p>\n<p>\u201cO Presidente benem\u00e9rito das casas de caridade da nossa terra, j\u00e1 benem\u00e9rito tamb\u00e9m dos bombeiros, Sr. Joaquim de Sousa Oliveira, abriu uma subscri\u00e7\u00e3o para tal efeito, com a oferta de vinte mil escudos. Este benem\u00e9rito n\u00e3o \u00e9 de muitas falas mas sim de grandes obras. Deus lhe dar\u00e1 o pago.\u201d<\/p>\n<p>Para al\u00e9m de dedicar aos Bombeiros de Vizela o seu tempo, aten\u00e7\u00e3o e preocupa\u00e7\u00f5es, \u00e9 tamb\u00e9m um seu grande benem\u00e9rito, tendo suprido muitas das necessidades da institui\u00e7\u00e3o, nomeadamente em termos de ve\u00edculos e recursos econ\u00f3micos.<\/p>\n<p>A sua simplicidade e humildade sobrepunham-se contudo aos seus gestos magn\u00e2ninos, tendo mesmo pedido para permanecer an\u00f3nimo aquando da oferta de uma ambul\u00e2ncia.<\/p>\n<p>\u00c9 a 26 de julho de 1959 que a Real Associa\u00e7\u00e3o Humanit\u00e1ria de Bombeiros Volunt\u00e1rios de Vizela homenageia o seu grande benem\u00e9rito Joaquim de Sousa Oliveira.<\/p>\n<p>A dire\u00e7\u00e3o e o seu presidente Jos\u00e9 Lu\u00eds de Almeida e um piquete de bombeiros, em casa do homenageado, entregaram-lhe o diploma de s\u00f3cio benem\u00e9rito e ainda a medalha de ouro duas estrelas da Liga dos Bombeiros Portugueses.<\/p>\n<p>Faleceu a 30 de mar\u00e7o de 1969, na sua Casa no Cruzeiro do Sul, com 72 anos de idade.<\/p>\n<p>A fam\u00edlia do saudoso benem\u00e9rito Joaquim de Sousa Oliveira, em outubro de 1971, oferece \u00e0 Real Associa\u00e7\u00e3o de Bombeiros Volunt\u00e1rios de Vizela um terreno para a constru\u00e7\u00e3o do seu quartel, conforme seu desejo, cuja inaugura\u00e7\u00e3o se verifica em 1988.<\/p>\n<p>Na entrada principal do quartel, est\u00e1 gravado o seu nome \u2013 Comendador Joaquim de Sousa Oliveira, para recordar a todos a sua liga\u00e7\u00e3o especial com os Bombeiros de Vizela e a sua casa, que ser\u00e1 para todo o sempre a sua casa tamb\u00e9m.<\/p>\n<p>&nbsp;<\/p>\n<p>Eterno Reconhecimento<\/p>\n<p>2020.03.01<\/p>\n<p>A Dire\u00e7\u00e3o e o Comando da RAHBVV<\/p>\n","protected":false},"excerpt":{"rendered":"<p>Comendador Joaquim de Sousa Oliveira Vizelense bairrista, grande industrial, benem\u00e9rito e filantropo, o Comendador Joaquim de Sousa Oliveira deixou na Real Associa\u00e7\u00e3o de Bombeiros Volunt\u00e1rios de Vizela, grande saudade e elevada estima. Em 1942 tomou posse como Presidente da Dire\u00e7\u00e3o<\/p>\n","protected":false},"author":5,"featured_media":0,"comment_status":"closed","ping_status":"closed","sticky":false,"template":"","format":"standard","meta":{"ngg_post_thumbnail":0,"footnotes":""},"categories":[3,1,4],"tags":[],"class_list":["post-6142","post","type-post","status-publish","format-standard","hentry","category-destaques","category-noticias","category-socios"],"_links":{"self":[{"href":"https:\/\/www.bvvizela.pt\/site\/wp-json\/wp\/v2\/posts\/6142","targetHints":{"allow":["GET"]}}],"collection":[{"href":"https:\/\/www.bvvizela.pt\/site\/wp-json\/wp\/v2\/posts"}],"about":[{"href":"https:\/\/www.bvvizela.pt\/site\/wp-json\/wp\/v2\/types\/post"}],"author":[{"embeddable":true,"href":"https:\/\/www.bvvizela.pt\/site\/wp-json\/wp\/v2\/users\/5"}],"replies":[{"embeddable":true,"href":"https:\/\/www.bvvizela.pt\/site\/wp-json\/wp\/v2\/comments?post=6142"}],"version-history":[{"count":2,"href":"https:\/\/www.bvvizela.pt\/site\/wp-json\/wp\/v2\/posts\/6142\/revisions"}],"predecessor-version":[{"id":6145,"href":"https:\/\/www.bvvizela.pt\/site\/wp-json\/wp\/v2\/posts\/6142\/revisions\/6145"}],"wp:attachment":[{"href":"https:\/\/www.bvvizela.pt\/site\/wp-json\/wp\/v2\/media?parent=6142"}],"wp:term":[{"taxonomy":"category","embeddable":true,"href":"https:\/\/www.bvvizela.pt\/site\/wp-json\/wp\/v2\/categories?post=6142"},{"taxonomy":"post_tag","embeddable":true,"href":"https:\/\/www.bvvizela.pt\/site\/wp-json\/wp\/v2\/tags?post=6142"}],"curies":[{"name":"wp","href":"https:\/\/api.w.org\/{rel}","templated":true}]}}