{"id":6136,"date":"2020-02-27T16:05:33","date_gmt":"2020-02-27T16:05:33","guid":{"rendered":"http:\/\/www.bvvizela.pt\/site\/?p=6136"},"modified":"2020-02-27T16:17:21","modified_gmt":"2020-02-27T16:17:21","slug":"falecimento-14","status":"publish","type":"post","link":"https:\/\/www.bvvizela.pt\/site\/falecimento-14\/","title":{"rendered":"FALECIMENTO"},"content":{"rendered":"<p><a href=\"http:\/\/www.bvvizela.pt\/site\/wp-content\/uploads\/IMG_20200227_131037_BEAUTY2-scaled.jpg\"><img loading=\"lazy\" decoding=\"async\" class=\"aligncenter size-medium wp-image-6137\" src=\"http:\/\/www.bvvizela.pt\/site\/wp-content\/uploads\/IMG_20200227_131037_BEAUTY2-197x300.jpg\" alt=\"\" width=\"197\" height=\"300\" srcset=\"https:\/\/www.bvvizela.pt\/site\/wp-content\/uploads\/IMG_20200227_131037_BEAUTY2-197x300.jpg 197w, https:\/\/www.bvvizela.pt\/site\/wp-content\/uploads\/IMG_20200227_131037_BEAUTY2-scaled.jpg 673w, https:\/\/www.bvvizela.pt\/site\/wp-content\/uploads\/IMG_20200227_131037_BEAUTY2-768x1169.jpg 768w, https:\/\/www.bvvizela.pt\/site\/wp-content\/uploads\/IMG_20200227_131037_BEAUTY2-1009x1536.jpg 1009w\" sizes=\"auto, (max-width: 197px) 100vw, 197px\" \/><\/a>Vimos por este meio, informar o falecimento do Sr. Ant\u00f3nio Carlos Pinto Fernandes, secret\u00e1rio suplente do atual Conselho Fiscal. Fez parte de v\u00e1rios \u00d3rg\u00e3os Socias desde 2001 at\u00e9 ao momento. Foi desde sempre fot\u00f3grafo oficial dos soldados da paz vizelenses. Homem simples e amigo do seu amigo, em\u00e9rito membro de v\u00e1rias associa\u00e7\u00f5es filantr\u00f3picas, ficar\u00e1 para sempre nos nossos cora\u00e7\u00f5es.\u00a0 Encontra-se em c\u00e2mara ardente no Sal\u00e3o Nobre da Real Associa\u00e7\u00e3o Humanit\u00e1ria de Bombeiros Volunt\u00e1rios de Vizela, a partir das 16H de hoje. O funeral ser\u00e1 realizado amanh\u00e3, Sexta- Feira, dia 28 de Fevereiro, pelas 15:30 horas, sa\u00edda do Quartel para a igreja de S. Miguel das Caldas de Vizela, ap\u00f3s as cerim\u00f3nias f\u00fanebres ser\u00e1 sepultado no cemit\u00e9rio de S. Miguel das Caldas.<\/p>\n<p>Descansa em paz, bombeiro sem farda.<\/p>\n<p>A Dire\u00e7\u00e3o \u2013 O Comando<\/p>\n","protected":false},"excerpt":{"rendered":"<p>Vimos por este meio, informar o falecimento do Sr. Ant\u00f3nio Carlos Pinto Fernandes, secret\u00e1rio suplente do atual Conselho Fiscal. Fez parte de v\u00e1rios \u00d3rg\u00e3os Socias desde 2001 at\u00e9 ao momento. Foi desde sempre fot\u00f3grafo oficial dos soldados da paz vizelenses.<\/p>\n","protected":false},"author":5,"featured_media":0,"comment_status":"closed","ping_status":"closed","sticky":false,"template":"","format":"standard","meta":{"ngg_post_thumbnail":0,"footnotes":""},"categories":[1],"tags":[],"class_list":["post-6136","post","type-post","status-publish","format-standard","hentry","category-noticias"],"_links":{"self":[{"href":"https:\/\/www.bvvizela.pt\/site\/wp-json\/wp\/v2\/posts\/6136","targetHints":{"allow":["GET"]}}],"collection":[{"href":"https:\/\/www.bvvizela.pt\/site\/wp-json\/wp\/v2\/posts"}],"about":[{"href":"https:\/\/www.bvvizela.pt\/site\/wp-json\/wp\/v2\/types\/post"}],"author":[{"embeddable":true,"href":"https:\/\/www.bvvizela.pt\/site\/wp-json\/wp\/v2\/users\/5"}],"replies":[{"embeddable":true,"href":"https:\/\/www.bvvizela.pt\/site\/wp-json\/wp\/v2\/comments?post=6136"}],"version-history":[{"count":4,"href":"https:\/\/www.bvvizela.pt\/site\/wp-json\/wp\/v2\/posts\/6136\/revisions"}],"predecessor-version":[{"id":6141,"href":"https:\/\/www.bvvizela.pt\/site\/wp-json\/wp\/v2\/posts\/6136\/revisions\/6141"}],"wp:attachment":[{"href":"https:\/\/www.bvvizela.pt\/site\/wp-json\/wp\/v2\/media?parent=6136"}],"wp:term":[{"taxonomy":"category","embeddable":true,"href":"https:\/\/www.bvvizela.pt\/site\/wp-json\/wp\/v2\/categories?post=6136"},{"taxonomy":"post_tag","embeddable":true,"href":"https:\/\/www.bvvizela.pt\/site\/wp-json\/wp\/v2\/tags?post=6136"}],"curies":[{"name":"wp","href":"https:\/\/api.w.org\/{rel}","templated":true}]}}