{"id":6121,"date":"2019-12-06T14:53:33","date_gmt":"2019-12-06T14:53:33","guid":{"rendered":"http:\/\/www.bvvizela.pt\/site\/?p=6121"},"modified":"2019-12-06T16:12:54","modified_gmt":"2019-12-06T16:12:54","slug":"falecimento-13","status":"publish","type":"post","link":"https:\/\/www.bvvizela.pt\/site\/falecimento-13\/","title":{"rendered":"FALECIMENTO"},"content":{"rendered":"<p class=\"x_MsoNormal\"><b><a href=\"http:\/\/www.bvvizela.pt\/site\/wp-content\/uploads\/Chefe-Machado.jpg\"><img loading=\"lazy\" decoding=\"async\" class=\"aligncenter size-medium wp-image-6122\" src=\"http:\/\/www.bvvizela.pt\/site\/wp-content\/uploads\/Chefe-Machado-214x300.jpg\" alt=\"\" width=\"214\" height=\"300\" srcset=\"https:\/\/www.bvvizela.pt\/site\/wp-content\/uploads\/Chefe-Machado-214x300.jpg 214w, https:\/\/www.bvvizela.pt\/site\/wp-content\/uploads\/Chefe-Machado.jpg 439w\" sizes=\"auto, (max-width: 214px) 100vw, 214px\" \/><\/a>\u00c9 com profundo pesar que informamos o falecimento do Subchefe do Quadro de Honra, Jos\u00e9 Maria Machado da Costa Leite.\u00a0<\/b><\/p>\n<p class=\"x_MsoNormal\">Jos\u00e9 Maria Machado da Costa Leite, ingressou no Corpo Activo da Real Associa\u00e7\u00e3o Humanit\u00e1ria de Bombeiros Volunt\u00e1rios de Vizela, aos quinze dias do m\u00eas de agosto do ano de 1965, foi promovido bombeiro de 3\u00aa no dia doze de maio do ano de 1968 e a bombeiro de 2\u00aa aos catorze dias do m\u00eas de maio do ano de 1978, a bombeiro de 1\u00aa aos cinco dias do m\u00eas de maio do ano de 1995, ingressou no Quadro de Honra com o posto de Subchefe aos quatro dias do m\u00eas de mar\u00e7o do ano de 1996.<\/p>\n<p class=\"x_MsoNormal\">Na sua ilustre carreira esteve no Quadro Ativo da Real Associa\u00e7\u00e3o, durante trinta anos seis meses e vinte e nove dias. Mesmo no Quadro de Honra sempre foi um volunt\u00e1rio de excel\u00eancia no apoio incondicional ao comando e \u00e0 Real Associa\u00e7\u00e3o, manifestando sempre a disponibilidade para ajudar.<\/p>\n<p class=\"x_MsoNormal\">Pela forma brilhante e incontest\u00e1vel, na sua carreira de bombeiro volunt\u00e1rio foi reconhecido e medalhado por diversas vezes, quer pela Real Associa\u00e7\u00e3o quer pela Liga dos Bombeiros Portugueses, com registo de v\u00e1rios louvores pelos bons e efetivos servi\u00e7os.<\/p>\n<p class=\"x_MsoNormal\">Homem simples e amigo, o que o distinguir\u00e1 para sempre, pela sua forma de ser e estar nos bombeiros, e pelos bombeiros. Um verdadeiro exemplo a seguir por todas as gera\u00e7\u00f5es, do que \u00e9 ser BOMBEIRO.<\/p>\n<p class=\"x_MsoNormal\">\u00a0Algu\u00e9m que lutou sempre pela vida dos outros e que, infelizmente, se sentiu debilitado na necess\u00e1ria luta pela sua vida.<\/p>\n<p class=\"x_MsoNormal\">Neste momento de dor, endere\u00e7amos \u00e0 fam\u00edlia enlutada e amigos, as sentidas condol\u00eancias, pela perda de seu ente querido.<\/p>\n<p class=\"x_MsoNormal\">Descansa em Paz<\/p>\n<p>&nbsp;<\/p>\n<p>O corpo estar\u00e1 em c\u00e2mara ardente no sal\u00e3o nobre do quartel dos Bombeiros a partir das 14:00 horas de sexta-feira dia 6 de dezembro.<\/p>\n<p>O funeral ser\u00e1 \u00a0realizado no s\u00e1bado dia 07, pelas 14:00 horas do quartel dos bombeiros seguindo o cortejo f\u00fanebre (autom\u00f3vel) \u00a0para a igreja de St\u00aa Eul\u00e1lia, Vizela onde se realizar\u00e1 a missa de corpo presente e sepultado no cemit\u00e9rio da mesma freguesia.<\/p>\n","protected":false},"excerpt":{"rendered":"<p>\u00c9 com profundo pesar que informamos o falecimento do Subchefe do Quadro de Honra, Jos\u00e9 Maria Machado da Costa Leite.\u00a0 Jos\u00e9 Maria Machado da Costa Leite, ingressou no Corpo Activo da Real Associa\u00e7\u00e3o Humanit\u00e1ria de Bombeiros Volunt\u00e1rios de Vizela, aos<\/p>\n","protected":false},"author":5,"featured_media":0,"comment_status":"closed","ping_status":"closed","sticky":false,"template":"","format":"standard","meta":{"ngg_post_thumbnail":0,"footnotes":""},"categories":[1],"tags":[],"class_list":["post-6121","post","type-post","status-publish","format-standard","hentry","category-noticias"],"_links":{"self":[{"href":"https:\/\/www.bvvizela.pt\/site\/wp-json\/wp\/v2\/posts\/6121","targetHints":{"allow":["GET"]}}],"collection":[{"href":"https:\/\/www.bvvizela.pt\/site\/wp-json\/wp\/v2\/posts"}],"about":[{"href":"https:\/\/www.bvvizela.pt\/site\/wp-json\/wp\/v2\/types\/post"}],"author":[{"embeddable":true,"href":"https:\/\/www.bvvizela.pt\/site\/wp-json\/wp\/v2\/users\/5"}],"replies":[{"embeddable":true,"href":"https:\/\/www.bvvizela.pt\/site\/wp-json\/wp\/v2\/comments?post=6121"}],"version-history":[{"count":2,"href":"https:\/\/www.bvvizela.pt\/site\/wp-json\/wp\/v2\/posts\/6121\/revisions"}],"predecessor-version":[{"id":6124,"href":"https:\/\/www.bvvizela.pt\/site\/wp-json\/wp\/v2\/posts\/6121\/revisions\/6124"}],"wp:attachment":[{"href":"https:\/\/www.bvvizela.pt\/site\/wp-json\/wp\/v2\/media?parent=6121"}],"wp:term":[{"taxonomy":"category","embeddable":true,"href":"https:\/\/www.bvvizela.pt\/site\/wp-json\/wp\/v2\/categories?post=6121"},{"taxonomy":"post_tag","embeddable":true,"href":"https:\/\/www.bvvizela.pt\/site\/wp-json\/wp\/v2\/tags?post=6121"}],"curies":[{"name":"wp","href":"https:\/\/api.w.org\/{rel}","templated":true}]}}