{"id":6118,"date":"2019-12-04T12:00:32","date_gmt":"2019-12-04T12:00:32","guid":{"rendered":"http:\/\/www.bvvizela.pt\/site\/?p=6118"},"modified":"2019-12-05T12:40:35","modified_gmt":"2019-12-05T12:40:35","slug":"bombeiros-convidados-da-tvi","status":"publish","type":"post","link":"https:\/\/www.bvvizela.pt\/site\/bombeiros-convidados-da-tvi\/","title":{"rendered":"BOMBEIROS CONVIDADOS DA TVI"},"content":{"rendered":"<p>A convite da TVI os Bombeiros Volunt\u00e1rios de Vizela estar\u00e3o hoje no programa A TARDE \u00c9 SUA da F\u00e1tima Lopes.<\/p>\n<div class=\"text_exposed_show\">\n<p>Recordar-se-\u00e1 a ocorr\u00eancia registada no dia 20 de julho de 2018 onde dois bombeiros vizelenses assistiram ao parto a uma gr\u00e1vida de S. Paio de Vizela. Para al\u00e9m dos bombeiros tamb\u00e9m os pais e a Beb\u00e9 batizada com o nome de Vit\u00f3ria marcar\u00e3o presen\u00e7a. Curiosamente o padrinho de batismo da Vit\u00f3ria foi o bombeiro que a ajudou a nascer, este acontecimento com final feliz, ser\u00e1 recordado hoje pelas 17:00 horas na TVI.<a href=\"http:\/\/www.bvvizela.pt\/site\/wp-content\/uploads\/77407991_2850555104990056_2750054739151421440_n.jpg\"><img loading=\"lazy\" decoding=\"async\" class=\"aligncenter size-medium wp-image-6119\" src=\"http:\/\/www.bvvizela.pt\/site\/wp-content\/uploads\/77407991_2850555104990056_2750054739151421440_n-300x159.jpg\" alt=\"\" width=\"300\" height=\"159\" srcset=\"https:\/\/www.bvvizela.pt\/site\/wp-content\/uploads\/77407991_2850555104990056_2750054739151421440_n-300x159.jpg 300w, https:\/\/www.bvvizela.pt\/site\/wp-content\/uploads\/77407991_2850555104990056_2750054739151421440_n.jpg 480w\" sizes=\"auto, (max-width: 300px) 100vw, 300px\" \/><\/a><\/p>\n<\/div>\n","protected":false},"excerpt":{"rendered":"<p>A convite da TVI os Bombeiros Volunt\u00e1rios de Vizela estar\u00e3o hoje no programa A TARDE \u00c9 SUA da F\u00e1tima Lopes. Recordar-se-\u00e1 a ocorr\u00eancia registada no dia 20 de julho de 2018 onde dois bombeiros vizelenses assistiram ao parto a uma<\/p>\n","protected":false},"author":5,"featured_media":0,"comment_status":"closed","ping_status":"closed","sticky":false,"template":"","format":"standard","meta":{"ngg_post_thumbnail":0,"footnotes":""},"categories":[1],"tags":[],"class_list":["post-6118","post","type-post","status-publish","format-standard","hentry","category-noticias"],"_links":{"self":[{"href":"https:\/\/www.bvvizela.pt\/site\/wp-json\/wp\/v2\/posts\/6118","targetHints":{"allow":["GET"]}}],"collection":[{"href":"https:\/\/www.bvvizela.pt\/site\/wp-json\/wp\/v2\/posts"}],"about":[{"href":"https:\/\/www.bvvizela.pt\/site\/wp-json\/wp\/v2\/types\/post"}],"author":[{"embeddable":true,"href":"https:\/\/www.bvvizela.pt\/site\/wp-json\/wp\/v2\/users\/5"}],"replies":[{"embeddable":true,"href":"https:\/\/www.bvvizela.pt\/site\/wp-json\/wp\/v2\/comments?post=6118"}],"version-history":[{"count":1,"href":"https:\/\/www.bvvizela.pt\/site\/wp-json\/wp\/v2\/posts\/6118\/revisions"}],"predecessor-version":[{"id":6120,"href":"https:\/\/www.bvvizela.pt\/site\/wp-json\/wp\/v2\/posts\/6118\/revisions\/6120"}],"wp:attachment":[{"href":"https:\/\/www.bvvizela.pt\/site\/wp-json\/wp\/v2\/media?parent=6118"}],"wp:term":[{"taxonomy":"category","embeddable":true,"href":"https:\/\/www.bvvizela.pt\/site\/wp-json\/wp\/v2\/categories?post=6118"},{"taxonomy":"post_tag","embeddable":true,"href":"https:\/\/www.bvvizela.pt\/site\/wp-json\/wp\/v2\/tags?post=6118"}],"curies":[{"name":"wp","href":"https:\/\/api.w.org\/{rel}","templated":true}]}}