{"id":6019,"date":"2019-11-06T22:13:59","date_gmt":"2019-11-06T22:13:59","guid":{"rendered":"http:\/\/www.bvvizela.pt\/site\/?p=6019"},"modified":"2019-11-06T22:14:02","modified_gmt":"2019-11-06T22:14:02","slug":"convocatoria-assembleia-geral-3","status":"publish","type":"post","link":"https:\/\/www.bvvizela.pt\/site\/convocatoria-assembleia-geral-3\/","title":{"rendered":"Convocat\u00f3ria Assembleia Geral"},"content":{"rendered":"\n<p>No proximo dia 22 de novembro de 2019 realiza-se a assembleia geral\nordin\u00e1ria, da real associa\u00e7\u00e3o humanit\u00e1ria de bombeiros volunt\u00e1rios de vizela.<\/p>\n\n\n\n<p>Com a seguinte ordem de trabalhos:<\/p>\n\n\n\n<ol class=\"wp-block-list\"><li>Leitura, discuss\u00e3o e vota\u00e7\u00e3o da acta da assembleia geral anterior;<\/li><li>Apresenta\u00e7\u00e3o, aprecia\u00e7\u00e3o, discuss\u00e3o e vota\u00e7\u00e3o do plano de actividades e or\u00e7amento,\nda direc\u00e7\u00e3o, respeitantes ao exerc\u00edcio de 2020 e, bem assim, apresenta\u00e7\u00e3o e\ntomada de conhecimento do parecer do conselho fiscal;<\/li><li>Proposta da mesa da assembleia geral com vista \u00e0 delibera\u00e7\u00e3o de cria\u00e7\u00e3o de\num regulamento de funcionamento das assembleias gerais;<\/li><li>Trinta minutos para outros assuntos do interesse da associa\u00e7\u00e3o.<\/li><\/ol>\n\n\n\n<div class=\"wp-block-file\"><a href=\"http:\/\/www.bvvizela.pt\/site\/wp-content\/uploads\/AVISO-CONVOCAT\u00d3RIO-AGO-de-PAO-2020-Assinado.pdf\">AVISO CONVOCAT\u00d3RIO AGO de PAO 2020 &#8211; Assinado<\/a><a href=\"http:\/\/www.bvvizela.pt\/site\/wp-content\/uploads\/AVISO-CONVOCAT\u00d3RIO-AGO-de-PAO-2020-Assinado.pdf\" class=\"wp-block-file__button\" download>Descarregar<\/a><\/div>\n\n\n\n<div class=\"wp-block-file\"><a href=\"http:\/\/www.bvvizela.pt\/site\/wp-content\/uploads\/PROJECTO-DE-REGULAMENTO-DE-FUNCIONAMENTO-DAS-ASSEMBLEIAS-GERAIS.pdf\">PROJECTO DE REGULAMENTO DE FUNCIONAMENTO DAS ASSEMBLEIAS GERAIS<\/a><a href=\"http:\/\/www.bvvizela.pt\/site\/wp-content\/uploads\/PROJECTO-DE-REGULAMENTO-DE-FUNCIONAMENTO-DAS-ASSEMBLEIAS-GERAIS.pdf\" class=\"wp-block-file__button\" download>Descarregar<\/a><\/div>\n","protected":false},"excerpt":{"rendered":"<p>No proximo dia 22 de novembro de 2019 realiza-se a assembleia geral ordin\u00e1ria, da real associa\u00e7\u00e3o humanit\u00e1ria de bombeiros volunt\u00e1rios de vizela. Com a seguinte ordem de trabalhos: Leitura, discuss\u00e3o e vota\u00e7\u00e3o da acta da assembleia geral anterior; Apresenta\u00e7\u00e3o, aprecia\u00e7\u00e3o,<\/p>\n","protected":false},"author":5,"featured_media":0,"comment_status":"closed","ping_status":"closed","sticky":false,"template":"","format":"standard","meta":{"ngg_post_thumbnail":0,"footnotes":""},"categories":[1],"tags":[],"class_list":["post-6019","post","type-post","status-publish","format-standard","hentry","category-noticias"],"_links":{"self":[{"href":"https:\/\/www.bvvizela.pt\/site\/wp-json\/wp\/v2\/posts\/6019","targetHints":{"allow":["GET"]}}],"collection":[{"href":"https:\/\/www.bvvizela.pt\/site\/wp-json\/wp\/v2\/posts"}],"about":[{"href":"https:\/\/www.bvvizela.pt\/site\/wp-json\/wp\/v2\/types\/post"}],"author":[{"embeddable":true,"href":"https:\/\/www.bvvizela.pt\/site\/wp-json\/wp\/v2\/users\/5"}],"replies":[{"embeddable":true,"href":"https:\/\/www.bvvizela.pt\/site\/wp-json\/wp\/v2\/comments?post=6019"}],"version-history":[{"count":1,"href":"https:\/\/www.bvvizela.pt\/site\/wp-json\/wp\/v2\/posts\/6019\/revisions"}],"predecessor-version":[{"id":6020,"href":"https:\/\/www.bvvizela.pt\/site\/wp-json\/wp\/v2\/posts\/6019\/revisions\/6020"}],"wp:attachment":[{"href":"https:\/\/www.bvvizela.pt\/site\/wp-json\/wp\/v2\/media?parent=6019"}],"wp:term":[{"taxonomy":"category","embeddable":true,"href":"https:\/\/www.bvvizela.pt\/site\/wp-json\/wp\/v2\/categories?post=6019"},{"taxonomy":"post_tag","embeddable":true,"href":"https:\/\/www.bvvizela.pt\/site\/wp-json\/wp\/v2\/tags?post=6019"}],"curies":[{"name":"wp","href":"https:\/\/api.w.org\/{rel}","templated":true}]}}