{"id":5856,"date":"2019-03-22T16:49:41","date_gmt":"2019-03-22T16:49:41","guid":{"rendered":"http:\/\/www.bvvizela.pt\/site\/?p=5856"},"modified":"2019-03-22T16:49:44","modified_gmt":"2019-03-22T16:49:44","slug":"assembleia-geral-ordinaria-5","status":"publish","type":"post","link":"https:\/\/www.bvvizela.pt\/site\/assembleia-geral-ordinaria-5\/","title":{"rendered":"Assembleia Geral Ordin\u00e1ria"},"content":{"rendered":"\n<p>Hoje, 22 de Mar\u00e7o de 2019 realiza-se a Assembleia Geral Ordin\u00e1ria, da Real Associa\u00e7\u00e3o Humanit\u00e1ria de Bombeiros Volunt\u00e1rios de Vizela.<\/p>\n\n\n\n<ol class=\"wp-block-list\"><li>Leitura, discuss\u00e3o e vota\u00e7\u00e3o da Acta da Assembleia Geral anterior.<\/li><li>An\u00e1lise, discuss\u00e3o e vota\u00e7\u00e3o do Relat\u00f3rio e Contas e Perecer  do Conselho Fiscal relativos ao exerc\u00edcio de 2018 e, <\/li><li>Trinta minutos para outros assuntos do interesse da Associa\u00e7\u00e3o.<\/li><\/ol>\n\n\n\n<p>Para o qual juntamos o Livro:<\/p>\n\n\n\n<figure class=\"wp-block-embed is-type-rich is-provider-bombeiros-voluntarios-de-vizela\"><div class=\"wp-block-embed__wrapper\">\n<blockquote class=\"wp-embedded-content\" data-secret=\"scJ37fa9rI\"><a href=\"http:\/\/www.bvvizela.pt\/site\/livro-ago-22mar2019\/\">Livro &#8211; AGO &#8211; 22mar2019<\/a><\/blockquote><iframe loading=\"lazy\" class=\"wp-embedded-content\" sandbox=\"allow-scripts\" security=\"restricted\" style=\"position: absolute; clip: rect(1px, 1px, 1px, 1px);\" src=\"http:\/\/www.bvvizela.pt\/site\/livro-ago-22mar2019\/embed\/#?secret=scJ37fa9rI\" data-secret=\"scJ37fa9rI\" width=\"600\" height=\"338\" title=\"&#8220;Livro &#8211; AGO &#8211; 22mar2019&#8221; &#8212; Bombeiros Volunt\u00e1rios de Vizela\" frameborder=\"0\" marginwidth=\"0\" marginheight=\"0\" scrolling=\"no\"><\/iframe>\n<\/div><\/figure>\n\n\n\n<p><\/p>\n\n\n\n<p><\/p>\n","protected":false},"excerpt":{"rendered":"<p>Hoje, 22 de Mar\u00e7o de 2019 realiza-se a Assembleia Geral Ordin\u00e1ria, da Real Associa\u00e7\u00e3o Humanit\u00e1ria de Bombeiros Volunt\u00e1rios de Vizela. Leitura, discuss\u00e3o e vota\u00e7\u00e3o da Acta da Assembleia Geral anterior. An\u00e1lise, discuss\u00e3o e vota\u00e7\u00e3o do Relat\u00f3rio e Contas e Perecer<\/p>\n","protected":false},"author":5,"featured_media":0,"comment_status":"closed","ping_status":"closed","sticky":false,"template":"","format":"standard","meta":{"ngg_post_thumbnail":0,"footnotes":""},"categories":[1],"tags":[],"class_list":["post-5856","post","type-post","status-publish","format-standard","hentry","category-noticias"],"_links":{"self":[{"href":"https:\/\/www.bvvizela.pt\/site\/wp-json\/wp\/v2\/posts\/5856","targetHints":{"allow":["GET"]}}],"collection":[{"href":"https:\/\/www.bvvizela.pt\/site\/wp-json\/wp\/v2\/posts"}],"about":[{"href":"https:\/\/www.bvvizela.pt\/site\/wp-json\/wp\/v2\/types\/post"}],"author":[{"embeddable":true,"href":"https:\/\/www.bvvizela.pt\/site\/wp-json\/wp\/v2\/users\/5"}],"replies":[{"embeddable":true,"href":"https:\/\/www.bvvizela.pt\/site\/wp-json\/wp\/v2\/comments?post=5856"}],"version-history":[{"count":2,"href":"https:\/\/www.bvvizela.pt\/site\/wp-json\/wp\/v2\/posts\/5856\/revisions"}],"predecessor-version":[{"id":5861,"href":"https:\/\/www.bvvizela.pt\/site\/wp-json\/wp\/v2\/posts\/5856\/revisions\/5861"}],"wp:attachment":[{"href":"https:\/\/www.bvvizela.pt\/site\/wp-json\/wp\/v2\/media?parent=5856"}],"wp:term":[{"taxonomy":"category","embeddable":true,"href":"https:\/\/www.bvvizela.pt\/site\/wp-json\/wp\/v2\/categories?post=5856"},{"taxonomy":"post_tag","embeddable":true,"href":"https:\/\/www.bvvizela.pt\/site\/wp-json\/wp\/v2\/tags?post=5856"}],"curies":[{"name":"wp","href":"https:\/\/api.w.org\/{rel}","templated":true}]}}