{"id":5814,"date":"2019-01-23T20:56:23","date_gmt":"2019-01-23T20:56:23","guid":{"rendered":"http:\/\/www.bvvizela.pt\/site\/?p=5814"},"modified":"2019-01-23T23:40:47","modified_gmt":"2019-01-23T23:40:47","slug":"falecimento-9","status":"publish","type":"post","link":"https:\/\/www.bvvizela.pt\/site\/falecimento-9\/","title":{"rendered":"FALECIMENTO"},"content":{"rendered":"<p>A Direc\u00e7\u00e3o e o Comando em nome da RAHBVV, v\u00eam por este meio apresentar o seu sentido pesar pelo falecimento da Dona Maria do Carmo Pedrosa.<\/p>\n<p>Maria do Carmo Pedrosa, ficar\u00e1 para sempre na hist\u00f3ria da Real Associa\u00e7\u00e3o Humanit\u00e1ria de Bombeiros Volunt\u00e1rios de Vizela, ao longo de d\u00e9cadas abrilhantou os anivers\u00e1rios da Associa\u00e7\u00e3o, lan\u00e7ando as frescas flores do dia sobre os bombeiros homenageados e condecorados e sobre os ve\u00edculos benzidos, sem nunca ter faltado a um anivers\u00e1rio fazendo-o de forma apaixonada e desinteressada. Pela sua simplicidade e humildade sendo possuidora de um cora\u00e7\u00e3o do tamanho do mundo, sempre foi muito acarinhada entre bombeiros e diretores que ao longo dos \u00faltimos anos passaram pela Associa\u00e7\u00e3o.<\/p>\n<p>N\u00e3o fora por acaso que, no ano de 2010 a Comiss\u00e3o do Natal do Bombeiro prop\u00f4s junto da Dire\u00e7\u00e3o e Comando, levando a cabo uma das mais belas homenagens feitas na hist\u00f3ria desta centen\u00e1ria Associa\u00e7\u00e3o, referimo-nos justamente a Maria do Carmo Pedrosa, que agora vemos partir, mas felizes pelo seu exemplo de vida, pelas alegrias que todos tivemos a honra de poder partilhar junto desta emblem\u00e1tica Vizelense, e sem d\u00favida alguma, uma verdadeira bombeira sem farda. Honra lhe seja feita. Obrigado por tudo, e que, descanse em Paz.<\/p>\n<p>Neste momento de dor, endere\u00e7amos \u00e0 fam\u00edlia enlutada, as sentidas condol\u00eancias, pela perda de seu ente querido, e manifestar o nosso sentimento de grata e eterna admira\u00e7\u00e3o em jeito de singela homenagem.<\/p>\n<p>O funeral ser\u00e1 realizado amanh\u00e3, quinta-feira, dia 24 de janeiro pelas 14:30 horas, na igreja de S. Miguel das Caldas de Vizela, indo a sepultar no cemit\u00e9rio desta freguesia.<\/p>\n<p>A Direc\u00e7\u00e3o \u2013 O Comando<\/p>\n<p>&nbsp;<\/p>\n<p>&nbsp;<\/p>\n<div id='gallery-1' class='gallery galleryid-5814 gallery-columns-2 gallery-size-medium'><figure class='gallery-item'>\n\t\t\t<div class='gallery-icon portrait'>\n\t\t\t\t<a href='https:\/\/www.bvvizela.pt\/site\/falecimento-9\/img_20190123_202801\/'><img loading=\"lazy\" decoding=\"async\" width=\"225\" height=\"300\" src=\"https:\/\/www.bvvizela.pt\/site\/wp-content\/uploads\/IMG_20190123_202801-225x300.jpg\" class=\"attachment-medium size-medium\" alt=\"\" srcset=\"https:\/\/www.bvvizela.pt\/site\/wp-content\/uploads\/IMG_20190123_202801-225x300.jpg 225w, https:\/\/www.bvvizela.pt\/site\/wp-content\/uploads\/IMG_20190123_202801-768x1025.jpg 768w, https:\/\/www.bvvizela.pt\/site\/wp-content\/uploads\/IMG_20190123_202801.jpg 767w\" sizes=\"auto, (max-width: 225px) 100vw, 225px\" \/><\/a>\n\t\t\t<\/div><\/figure><figure class='gallery-item'>\n\t\t\t<div class='gallery-icon portrait'>\n\t\t\t\t<a href='https:\/\/www.bvvizela.pt\/site\/falecimento-9\/img_20190123_201824\/'><img loading=\"lazy\" decoding=\"async\" width=\"225\" height=\"300\" src=\"https:\/\/www.bvvizela.pt\/site\/wp-content\/uploads\/IMG_20190123_201824-225x300.jpg\" class=\"attachment-medium size-medium\" alt=\"\" srcset=\"https:\/\/www.bvvizela.pt\/site\/wp-content\/uploads\/IMG_20190123_201824-225x300.jpg 225w, https:\/\/www.bvvizela.pt\/site\/wp-content\/uploads\/IMG_20190123_201824-768x1025.jpg 768w, https:\/\/www.bvvizela.pt\/site\/wp-content\/uploads\/IMG_20190123_201824.jpg 767w\" sizes=\"auto, (max-width: 225px) 100vw, 225px\" \/><\/a>\n\t\t\t<\/div><\/figure><figure class='gallery-item'>\n\t\t\t<div class='gallery-icon landscape'>\n\t\t\t\t<a href='https:\/\/www.bvvizela.pt\/site\/falecimento-9\/img_0220\/'><img loading=\"lazy\" decoding=\"async\" width=\"300\" height=\"200\" src=\"https:\/\/www.bvvizela.pt\/site\/wp-content\/uploads\/IMG_0220-300x200.jpg\" class=\"attachment-medium size-medium\" alt=\"\" srcset=\"https:\/\/www.bvvizela.pt\/site\/wp-content\/uploads\/IMG_0220-300x200.jpg 300w, https:\/\/www.bvvizela.pt\/site\/wp-content\/uploads\/IMG_0220-768x512.jpg 768w, https:\/\/www.bvvizela.pt\/site\/wp-content\/uploads\/IMG_0220.jpg 1024w\" sizes=\"auto, (max-width: 300px) 100vw, 300px\" \/><\/a>\n\t\t\t<\/div><\/figure><figure class='gallery-item'>\n\t\t\t<div class='gallery-icon landscape'>\n\t\t\t\t<a href='https:\/\/www.bvvizela.pt\/site\/falecimento-9\/img_0926-2\/'><img loading=\"lazy\" decoding=\"async\" width=\"300\" height=\"200\" src=\"https:\/\/www.bvvizela.pt\/site\/wp-content\/uploads\/IMG_0926-1-300x200.jpg\" class=\"attachment-medium size-medium\" alt=\"\" srcset=\"https:\/\/www.bvvizela.pt\/site\/wp-content\/uploads\/IMG_0926-1-300x200.jpg 300w, https:\/\/www.bvvizela.pt\/site\/wp-content\/uploads\/IMG_0926-1-768x512.jpg 768w, https:\/\/www.bvvizela.pt\/site\/wp-content\/uploads\/IMG_0926-1.jpg 1024w\" sizes=\"auto, (max-width: 300px) 100vw, 300px\" \/><\/a>\n\t\t\t<\/div><\/figure><figure class='gallery-item'>\n\t\t\t<div class='gallery-icon landscape'>\n\t\t\t\t<a href='https:\/\/www.bvvizela.pt\/site\/falecimento-9\/img_9849\/'><img loading=\"lazy\" decoding=\"async\" width=\"300\" height=\"212\" src=\"https:\/\/www.bvvizela.pt\/site\/wp-content\/uploads\/IMG_9849-300x212.jpg\" class=\"attachment-medium size-medium\" alt=\"\" srcset=\"https:\/\/www.bvvizela.pt\/site\/wp-content\/uploads\/IMG_9849-300x212.jpg 300w, https:\/\/www.bvvizela.pt\/site\/wp-content\/uploads\/IMG_9849-768x542.jpg 768w, https:\/\/www.bvvizela.pt\/site\/wp-content\/uploads\/IMG_9849.jpg 1024w\" sizes=\"auto, (max-width: 300px) 100vw, 300px\" \/><\/a>\n\t\t\t<\/div><\/figure><figure class='gallery-item'>\n\t\t\t<div class='gallery-icon landscape'>\n\t\t\t\t<a href='https:\/\/www.bvvizela.pt\/site\/falecimento-9\/img_9847\/'><img loading=\"lazy\" decoding=\"async\" width=\"300\" height=\"200\" src=\"https:\/\/www.bvvizela.pt\/site\/wp-content\/uploads\/IMG_9847-300x200.jpg\" class=\"attachment-medium size-medium\" alt=\"\" srcset=\"https:\/\/www.bvvizela.pt\/site\/wp-content\/uploads\/IMG_9847-300x200.jpg 300w, https:\/\/www.bvvizela.pt\/site\/wp-content\/uploads\/IMG_9847-768x512.jpg 768w, https:\/\/www.bvvizela.pt\/site\/wp-content\/uploads\/IMG_9847.jpg 1024w\" sizes=\"auto, (max-width: 300px) 100vw, 300px\" \/><\/a>\n\t\t\t<\/div><\/figure><figure class='gallery-item'>\n\t\t\t<div class='gallery-icon landscape'>\n\t\t\t\t<a href='https:\/\/www.bvvizela.pt\/site\/falecimento-9\/img_9851\/'><img loading=\"lazy\" decoding=\"async\" width=\"300\" height=\"195\" src=\"https:\/\/www.bvvizela.pt\/site\/wp-content\/uploads\/IMG_9851-300x195.jpg\" class=\"attachment-medium size-medium\" alt=\"\" srcset=\"https:\/\/www.bvvizela.pt\/site\/wp-content\/uploads\/IMG_9851-300x195.jpg 300w, https:\/\/www.bvvizela.pt\/site\/wp-content\/uploads\/IMG_9851-768x500.jpg 768w, https:\/\/www.bvvizela.pt\/site\/wp-content\/uploads\/IMG_9851.jpg 1024w\" sizes=\"auto, (max-width: 300px) 100vw, 300px\" \/><\/a>\n\t\t\t<\/div><\/figure><figure class='gallery-item'>\n\t\t\t<div class='gallery-icon landscape'>\n\t\t\t\t<a href='https:\/\/www.bvvizela.pt\/site\/falecimento-9\/img_9852\/'><img loading=\"lazy\" decoding=\"async\" width=\"300\" height=\"200\" src=\"https:\/\/www.bvvizela.pt\/site\/wp-content\/uploads\/IMG_9852-300x200.jpg\" class=\"attachment-medium size-medium\" alt=\"\" srcset=\"https:\/\/www.bvvizela.pt\/site\/wp-content\/uploads\/IMG_9852-300x200.jpg 300w, https:\/\/www.bvvizela.pt\/site\/wp-content\/uploads\/IMG_9852-768x512.jpg 768w, https:\/\/www.bvvizela.pt\/site\/wp-content\/uploads\/IMG_9852.jpg 1024w\" sizes=\"auto, (max-width: 300px) 100vw, 300px\" \/><\/a>\n\t\t\t<\/div><\/figure>\n\t\t<\/div>\n\n<p>&nbsp;<\/p>\n<p>&nbsp;<\/p>\n","protected":false},"excerpt":{"rendered":"<p>A Direc\u00e7\u00e3o e o Comando em nome da RAHBVV, v\u00eam por este meio apresentar o seu sentido pesar pelo falecimento da Dona Maria do Carmo Pedrosa. Maria do Carmo Pedrosa, ficar\u00e1 para sempre na hist\u00f3ria da Real Associa\u00e7\u00e3o Humanit\u00e1ria de<\/p>\n","protected":false},"author":5,"featured_media":0,"comment_status":"closed","ping_status":"closed","sticky":false,"template":"","format":"standard","meta":{"ngg_post_thumbnail":0,"footnotes":""},"categories":[1],"tags":[],"class_list":["post-5814","post","type-post","status-publish","format-standard","hentry","category-noticias"],"_links":{"self":[{"href":"https:\/\/www.bvvizela.pt\/site\/wp-json\/wp\/v2\/posts\/5814","targetHints":{"allow":["GET"]}}],"collection":[{"href":"https:\/\/www.bvvizela.pt\/site\/wp-json\/wp\/v2\/posts"}],"about":[{"href":"https:\/\/www.bvvizela.pt\/site\/wp-json\/wp\/v2\/types\/post"}],"author":[{"embeddable":true,"href":"https:\/\/www.bvvizela.pt\/site\/wp-json\/wp\/v2\/users\/5"}],"replies":[{"embeddable":true,"href":"https:\/\/www.bvvizela.pt\/site\/wp-json\/wp\/v2\/comments?post=5814"}],"version-history":[{"count":3,"href":"https:\/\/www.bvvizela.pt\/site\/wp-json\/wp\/v2\/posts\/5814\/revisions"}],"predecessor-version":[{"id":5825,"href":"https:\/\/www.bvvizela.pt\/site\/wp-json\/wp\/v2\/posts\/5814\/revisions\/5825"}],"wp:attachment":[{"href":"https:\/\/www.bvvizela.pt\/site\/wp-json\/wp\/v2\/media?parent=5814"}],"wp:term":[{"taxonomy":"category","embeddable":true,"href":"https:\/\/www.bvvizela.pt\/site\/wp-json\/wp\/v2\/categories?post=5814"},{"taxonomy":"post_tag","embeddable":true,"href":"https:\/\/www.bvvizela.pt\/site\/wp-json\/wp\/v2\/tags?post=5814"}],"curies":[{"name":"wp","href":"https:\/\/api.w.org\/{rel}","templated":true}]}}