{"id":5786,"date":"2019-01-16T22:41:41","date_gmt":"2019-01-16T22:41:41","guid":{"rendered":"http:\/\/www.bvvizela.pt\/site\/?p=5786"},"modified":"2019-01-16T22:41:41","modified_gmt":"2019-01-16T22:41:41","slug":"bombeiros-voluntarios-de-vizela-receberam-cheque-de-900000e","status":"publish","type":"post","link":"https:\/\/www.bvvizela.pt\/site\/bombeiros-voluntarios-de-vizela-receberam-cheque-de-900000e\/","title":{"rendered":"Bombeiros Volunt\u00e1rios de Vizela receberam cheque de 9000,00\u20ac"},"content":{"rendered":"<p>O valor angariado na Pista de Gelo, que esteve em funcionamento no decorrer do programa Vizela Cidade Natal 2018 &#8211; \u201cUm Novo Natal no Vale\u201d, reverteu para a RAHBVV. Os Bombeiros de Vizela\u00a0estiveram respons\u00e1veis pelo funcionamento do espa\u00e7o e a sua participa\u00e7\u00e3o foi agora recompensada com a entrega de um cheque no valor de 8.894,50 euros. Realizou-se esta manh\u00e3 a entrega do cheque, pelo condom\u00ednio dos espa\u00e7os comerciais do F\u00f3rum Vizela \u2013 Condom\u00ednios &amp; Companhia aos Bombeiros Volunt\u00e1rios de Vizela.<\/p>\n<div id='gallery-1' class='gallery galleryid-5786 gallery-columns-3 gallery-size-medium'><figure class='gallery-item'>\n\t\t\t<div class='gallery-icon landscape'>\n\t\t\t\t<a href='https:\/\/www.bvvizela.pt\/site\/bombeiros-voluntarios-de-vizela-receberam-cheque-de-900000e\/img_9837-copia\/'><img loading=\"lazy\" decoding=\"async\" width=\"300\" height=\"200\" src=\"https:\/\/www.bvvizela.pt\/site\/wp-content\/uploads\/IMG_9837-c\u00f3pia-300x200.jpg\" class=\"attachment-medium size-medium\" alt=\"\" srcset=\"https:\/\/www.bvvizela.pt\/site\/wp-content\/uploads\/IMG_9837-c\u00f3pia-300x200.jpg 300w, https:\/\/www.bvvizela.pt\/site\/wp-content\/uploads\/IMG_9837-c\u00f3pia-768x512.jpg 768w, https:\/\/www.bvvizela.pt\/site\/wp-content\/uploads\/IMG_9837-c\u00f3pia.jpg 1024w\" sizes=\"auto, (max-width: 300px) 100vw, 300px\" \/><\/a>\n\t\t\t<\/div><\/figure><figure class='gallery-item'>\n\t\t\t<div class='gallery-icon landscape'>\n\t\t\t\t<a href='https:\/\/www.bvvizela.pt\/site\/bombeiros-voluntarios-de-vizela-receberam-cheque-de-900000e\/img_9831-copia\/'><img loading=\"lazy\" decoding=\"async\" width=\"300\" height=\"200\" src=\"https:\/\/www.bvvizela.pt\/site\/wp-content\/uploads\/IMG_9831-c\u00f3pia-300x200.jpg\" class=\"attachment-medium size-medium\" alt=\"\" srcset=\"https:\/\/www.bvvizela.pt\/site\/wp-content\/uploads\/IMG_9831-c\u00f3pia-300x200.jpg 300w, https:\/\/www.bvvizela.pt\/site\/wp-content\/uploads\/IMG_9831-c\u00f3pia-768x512.jpg 768w, https:\/\/www.bvvizela.pt\/site\/wp-content\/uploads\/IMG_9831-c\u00f3pia.jpg 1024w\" sizes=\"auto, (max-width: 300px) 100vw, 300px\" \/><\/a>\n\t\t\t<\/div><\/figure><figure class='gallery-item'>\n\t\t\t<div class='gallery-icon landscape'>\n\t\t\t\t<a href='https:\/\/www.bvvizela.pt\/site\/bombeiros-voluntarios-de-vizela-receberam-cheque-de-900000e\/img_9784-copia\/'><img loading=\"lazy\" decoding=\"async\" width=\"300\" height=\"200\" src=\"https:\/\/www.bvvizela.pt\/site\/wp-content\/uploads\/IMG_9784-c\u00f3pia-300x200.jpg\" class=\"attachment-medium size-medium\" alt=\"\" srcset=\"https:\/\/www.bvvizela.pt\/site\/wp-content\/uploads\/IMG_9784-c\u00f3pia-300x200.jpg 300w, https:\/\/www.bvvizela.pt\/site\/wp-content\/uploads\/IMG_9784-c\u00f3pia-768x512.jpg 768w, https:\/\/www.bvvizela.pt\/site\/wp-content\/uploads\/IMG_9784-c\u00f3pia.jpg 1024w\" sizes=\"auto, (max-width: 300px) 100vw, 300px\" \/><\/a>\n\t\t\t<\/div><\/figure><figure class='gallery-item'>\n\t\t\t<div class='gallery-icon landscape'>\n\t\t\t\t<a href='https:\/\/www.bvvizela.pt\/site\/bombeiros-voluntarios-de-vizela-receberam-cheque-de-900000e\/img_9778-copia\/'><img loading=\"lazy\" decoding=\"async\" width=\"300\" height=\"200\" src=\"https:\/\/www.bvvizela.pt\/site\/wp-content\/uploads\/IMG_9778-c\u00f3pia-300x200.jpg\" class=\"attachment-medium size-medium\" alt=\"\" srcset=\"https:\/\/www.bvvizela.pt\/site\/wp-content\/uploads\/IMG_9778-c\u00f3pia-300x200.jpg 300w, https:\/\/www.bvvizela.pt\/site\/wp-content\/uploads\/IMG_9778-c\u00f3pia-768x512.jpg 768w, https:\/\/www.bvvizela.pt\/site\/wp-content\/uploads\/IMG_9778-c\u00f3pia.jpg 1024w\" sizes=\"auto, (max-width: 300px) 100vw, 300px\" \/><\/a>\n\t\t\t<\/div><\/figure><figure class='gallery-item'>\n\t\t\t<div class='gallery-icon landscape'>\n\t\t\t\t<a href='https:\/\/www.bvvizela.pt\/site\/bombeiros-voluntarios-de-vizela-receberam-cheque-de-900000e\/img_9761-copia\/'><img loading=\"lazy\" decoding=\"async\" width=\"300\" height=\"200\" src=\"https:\/\/www.bvvizela.pt\/site\/wp-content\/uploads\/IMG_9761-c\u00f3pia-300x200.jpg\" class=\"attachment-medium size-medium\" alt=\"\" srcset=\"https:\/\/www.bvvizela.pt\/site\/wp-content\/uploads\/IMG_9761-c\u00f3pia-300x200.jpg 300w, https:\/\/www.bvvizela.pt\/site\/wp-content\/uploads\/IMG_9761-c\u00f3pia-768x512.jpg 768w, https:\/\/www.bvvizela.pt\/site\/wp-content\/uploads\/IMG_9761-c\u00f3pia.jpg 1024w\" sizes=\"auto, (max-width: 300px) 100vw, 300px\" \/><\/a>\n\t\t\t<\/div><\/figure><figure class='gallery-item'>\n\t\t\t<div class='gallery-icon landscape'>\n\t\t\t\t<a href='https:\/\/www.bvvizela.pt\/site\/bombeiros-voluntarios-de-vizela-receberam-cheque-de-900000e\/img_9760-copia\/'><img loading=\"lazy\" decoding=\"async\" width=\"300\" height=\"200\" src=\"https:\/\/www.bvvizela.pt\/site\/wp-content\/uploads\/IMG_9760-c\u00f3pia-300x200.jpg\" class=\"attachment-medium size-medium\" alt=\"\" srcset=\"https:\/\/www.bvvizela.pt\/site\/wp-content\/uploads\/IMG_9760-c\u00f3pia-300x200.jpg 300w, https:\/\/www.bvvizela.pt\/site\/wp-content\/uploads\/IMG_9760-c\u00f3pia-768x512.jpg 768w, https:\/\/www.bvvizela.pt\/site\/wp-content\/uploads\/IMG_9760-c\u00f3pia.jpg 1024w\" sizes=\"auto, (max-width: 300px) 100vw, 300px\" \/><\/a>\n\t\t\t<\/div><\/figure><figure class='gallery-item'>\n\t\t\t<div class='gallery-icon portrait'>\n\t\t\t\t<a href='https:\/\/www.bvvizela.pt\/site\/bombeiros-voluntarios-de-vizela-receberam-cheque-de-900000e\/f\/'><img loading=\"lazy\" decoding=\"async\" width=\"200\" height=\"300\" src=\"https:\/\/www.bvvizela.pt\/site\/wp-content\/uploads\/f-200x300.jpg\" class=\"attachment-medium size-medium\" alt=\"\" srcset=\"https:\/\/www.bvvizela.pt\/site\/wp-content\/uploads\/f-200x300.jpg 200w, https:\/\/www.bvvizela.pt\/site\/wp-content\/uploads\/f-768x1152.jpg 768w, https:\/\/www.bvvizela.pt\/site\/wp-content\/uploads\/f.jpg 683w\" sizes=\"auto, (max-width: 200px) 100vw, 200px\" \/><\/a>\n\t\t\t<\/div><\/figure>\n\t\t<\/div>\n\n","protected":false},"excerpt":{"rendered":"<p>O valor angariado na Pista de Gelo, que esteve em funcionamento no decorrer do programa Vizela Cidade Natal 2018 &#8211; \u201cUm Novo Natal no Vale\u201d, reverteu para a RAHBVV. Os Bombeiros de Vizela\u00a0estiveram respons\u00e1veis pelo funcionamento do espa\u00e7o e a<\/p>\n","protected":false},"author":5,"featured_media":0,"comment_status":"closed","ping_status":"closed","sticky":false,"template":"","format":"standard","meta":{"ngg_post_thumbnail":0,"footnotes":""},"categories":[3,1],"tags":[],"class_list":["post-5786","post","type-post","status-publish","format-standard","hentry","category-destaques","category-noticias"],"_links":{"self":[{"href":"https:\/\/www.bvvizela.pt\/site\/wp-json\/wp\/v2\/posts\/5786","targetHints":{"allow":["GET"]}}],"collection":[{"href":"https:\/\/www.bvvizela.pt\/site\/wp-json\/wp\/v2\/posts"}],"about":[{"href":"https:\/\/www.bvvizela.pt\/site\/wp-json\/wp\/v2\/types\/post"}],"author":[{"embeddable":true,"href":"https:\/\/www.bvvizela.pt\/site\/wp-json\/wp\/v2\/users\/5"}],"replies":[{"embeddable":true,"href":"https:\/\/www.bvvizela.pt\/site\/wp-json\/wp\/v2\/comments?post=5786"}],"version-history":[{"count":3,"href":"https:\/\/www.bvvizela.pt\/site\/wp-json\/wp\/v2\/posts\/5786\/revisions"}],"predecessor-version":[{"id":5797,"href":"https:\/\/www.bvvizela.pt\/site\/wp-json\/wp\/v2\/posts\/5786\/revisions\/5797"}],"wp:attachment":[{"href":"https:\/\/www.bvvizela.pt\/site\/wp-json\/wp\/v2\/media?parent=5786"}],"wp:term":[{"taxonomy":"category","embeddable":true,"href":"https:\/\/www.bvvizela.pt\/site\/wp-json\/wp\/v2\/categories?post=5786"},{"taxonomy":"post_tag","embeddable":true,"href":"https:\/\/www.bvvizela.pt\/site\/wp-json\/wp\/v2\/tags?post=5786"}],"curies":[{"name":"wp","href":"https:\/\/api.w.org\/{rel}","templated":true}]}}