{"id":5782,"date":"2019-01-14T14:11:27","date_gmt":"2019-01-14T14:11:27","guid":{"rendered":"http:\/\/www.bvvizela.pt\/site\/?p=5782"},"modified":"2019-01-14T14:11:27","modified_gmt":"2019-01-14T14:11:27","slug":"falecimento-8","status":"publish","type":"post","link":"https:\/\/www.bvvizela.pt\/site\/falecimento-8\/","title":{"rendered":"FALECIMENTO"},"content":{"rendered":"<p><a href=\"http:\/\/www.bvvizela.pt\/site\/wp-content\/uploads\/Sem-T\u00edtulo.png\"><img loading=\"lazy\" decoding=\"async\" class=\"aligncenter size-medium wp-image-5783\" src=\"http:\/\/www.bvvizela.pt\/site\/wp-content\/uploads\/Sem-T\u00edtulo-233x300.png\" alt=\"\" width=\"233\" height=\"300\" srcset=\"https:\/\/www.bvvizela.pt\/site\/wp-content\/uploads\/Sem-T\u00edtulo-233x300.png 233w, https:\/\/www.bvvizela.pt\/site\/wp-content\/uploads\/Sem-T\u00edtulo.png 284w\" sizes=\"auto, (max-width: 233px) 100vw, 233px\" \/><\/a><\/p>\n<p>&nbsp;<\/p>\n<p>A Direc\u00e7\u00e3o e o Comando em nome da RAHBVV, v\u00eam por este meio apresentar o seu sentido pesar pelo falecimento do Domingos Ferreira Vaz.<\/p>\n<p>Assim, vimos por este meio, endere\u00e7ar \u00e0 fam\u00edlia enlutada, as sentidas condol\u00eancias, pela perda de seu ente querido.<\/p>\n<p>O funeral ser\u00e1 realizado hoje, segunda-feira, dia 14 Janeiro pelas 15:00 horas, na par\u00f3quia de Santa Eul\u00e1lia.<\/p>\n<p>Descanse em paz.<\/p>\n<p>A Direc\u00e7\u00e3o \u2013 O Comando<\/p>\n","protected":false},"excerpt":{"rendered":"<p>&nbsp; A Direc\u00e7\u00e3o e o Comando em nome da RAHBVV, v\u00eam por este meio apresentar o seu sentido pesar pelo falecimento do Domingos Ferreira Vaz. Assim, vimos por este meio, endere\u00e7ar \u00e0 fam\u00edlia enlutada, as sentidas condol\u00eancias, pela perda de<\/p>\n","protected":false},"author":5,"featured_media":0,"comment_status":"closed","ping_status":"closed","sticky":false,"template":"","format":"standard","meta":{"ngg_post_thumbnail":0,"footnotes":""},"categories":[1],"tags":[],"class_list":["post-5782","post","type-post","status-publish","format-standard","hentry","category-noticias"],"_links":{"self":[{"href":"https:\/\/www.bvvizela.pt\/site\/wp-json\/wp\/v2\/posts\/5782","targetHints":{"allow":["GET"]}}],"collection":[{"href":"https:\/\/www.bvvizela.pt\/site\/wp-json\/wp\/v2\/posts"}],"about":[{"href":"https:\/\/www.bvvizela.pt\/site\/wp-json\/wp\/v2\/types\/post"}],"author":[{"embeddable":true,"href":"https:\/\/www.bvvizela.pt\/site\/wp-json\/wp\/v2\/users\/5"}],"replies":[{"embeddable":true,"href":"https:\/\/www.bvvizela.pt\/site\/wp-json\/wp\/v2\/comments?post=5782"}],"version-history":[{"count":1,"href":"https:\/\/www.bvvizela.pt\/site\/wp-json\/wp\/v2\/posts\/5782\/revisions"}],"predecessor-version":[{"id":5784,"href":"https:\/\/www.bvvizela.pt\/site\/wp-json\/wp\/v2\/posts\/5782\/revisions\/5784"}],"wp:attachment":[{"href":"https:\/\/www.bvvizela.pt\/site\/wp-json\/wp\/v2\/media?parent=5782"}],"wp:term":[{"taxonomy":"category","embeddable":true,"href":"https:\/\/www.bvvizela.pt\/site\/wp-json\/wp\/v2\/categories?post=5782"},{"taxonomy":"post_tag","embeddable":true,"href":"https:\/\/www.bvvizela.pt\/site\/wp-json\/wp\/v2\/tags?post=5782"}],"curies":[{"name":"wp","href":"https:\/\/api.w.org\/{rel}","templated":true}]}}