{"id":5753,"date":"2018-12-30T17:23:50","date_gmt":"2018-12-30T17:23:50","guid":{"rendered":"http:\/\/www.bvvizela.pt\/site\/?p=5753"},"modified":"2018-12-30T17:23:50","modified_gmt":"2018-12-30T17:23:50","slug":"falecimento-7","status":"publish","type":"post","link":"https:\/\/www.bvvizela.pt\/site\/falecimento-7\/","title":{"rendered":"FALECIMENTO"},"content":{"rendered":"<p><a href=\"http:\/\/www.bvvizela.pt\/site\/wp-content\/uploads\/received_765909633788638.jpeg\"><img loading=\"lazy\" decoding=\"async\" class=\"aligncenter size-full wp-image-5752\" src=\"http:\/\/www.bvvizela.pt\/site\/wp-content\/uploads\/received_765909633788638.jpeg\" alt=\"\" width=\"270\" height=\"270\" srcset=\"https:\/\/www.bvvizela.pt\/site\/wp-content\/uploads\/received_765909633788638.jpeg 270w, https:\/\/www.bvvizela.pt\/site\/wp-content\/uploads\/received_765909633788638-150x150.jpeg 150w, https:\/\/www.bvvizela.pt\/site\/wp-content\/uploads\/received_765909633788638-230x230.jpeg 230w\" sizes=\"auto, (max-width: 270px) 100vw, 270px\" \/><\/a><\/p>\n<p>A Direc\u00e7\u00e3o e o Comando em nome da RAHBVV, v\u00eam por este meio apresentar o seu sentido pesar pelo falecimento do empres\u00e1rio Vizelense Eduardo Jos\u00e9 Carvalho Lopes Guimar\u00e3es.<\/p>\n<p>Filho dos empres\u00e1rios Jos\u00e9 Lu\u00eds Lopes e Hort\u00eansia Carvalho da empresa Gar\u00e7a Real (j\u00e1 falecidos) e irm\u00e3o de Lu\u00eds Lopes Guimar\u00e3es da empresa Polopique, S\u00f3cios Benem\u00e9ritos da RAHBVV.<\/p>\n<p>Assim, vimos por este meio, endere\u00e7ar \u00e0 fam\u00edlia enlutada, as sentidas condol\u00eancias, pela perda de seu ente querido, e manifestar o nosso sentimento de grata e eterna admira\u00e7\u00e3o em jeito de singela homenagem.<\/p>\n<p>O funeral ser\u00e1 realizado amanh\u00e3, segunda-feira, dia 31 Dezembro pelas 11:00 horas, na par\u00f3quia de S. Miguel das Caldas de Vizela.<\/p>\n<p>Descanse em paz.<\/p>\n<p>A Direc\u00e7\u00e3o \u2013 O Comando<\/p>\n","protected":false},"excerpt":{"rendered":"<p>A Direc\u00e7\u00e3o e o Comando em nome da RAHBVV, v\u00eam por este meio apresentar o seu sentido pesar pelo falecimento do empres\u00e1rio Vizelense Eduardo Jos\u00e9 Carvalho Lopes Guimar\u00e3es. Filho dos empres\u00e1rios Jos\u00e9 Lu\u00eds Lopes e Hort\u00eansia Carvalho da empresa Gar\u00e7a<\/p>\n","protected":false},"author":5,"featured_media":0,"comment_status":"closed","ping_status":"closed","sticky":false,"template":"","format":"standard","meta":{"ngg_post_thumbnail":0,"footnotes":""},"categories":[1,4],"tags":[],"class_list":["post-5753","post","type-post","status-publish","format-standard","hentry","category-noticias","category-socios"],"_links":{"self":[{"href":"https:\/\/www.bvvizela.pt\/site\/wp-json\/wp\/v2\/posts\/5753","targetHints":{"allow":["GET"]}}],"collection":[{"href":"https:\/\/www.bvvizela.pt\/site\/wp-json\/wp\/v2\/posts"}],"about":[{"href":"https:\/\/www.bvvizela.pt\/site\/wp-json\/wp\/v2\/types\/post"}],"author":[{"embeddable":true,"href":"https:\/\/www.bvvizela.pt\/site\/wp-json\/wp\/v2\/users\/5"}],"replies":[{"embeddable":true,"href":"https:\/\/www.bvvizela.pt\/site\/wp-json\/wp\/v2\/comments?post=5753"}],"version-history":[{"count":2,"href":"https:\/\/www.bvvizela.pt\/site\/wp-json\/wp\/v2\/posts\/5753\/revisions"}],"predecessor-version":[{"id":5781,"href":"https:\/\/www.bvvizela.pt\/site\/wp-json\/wp\/v2\/posts\/5753\/revisions\/5781"}],"wp:attachment":[{"href":"https:\/\/www.bvvizela.pt\/site\/wp-json\/wp\/v2\/media?parent=5753"}],"wp:term":[{"taxonomy":"category","embeddable":true,"href":"https:\/\/www.bvvizela.pt\/site\/wp-json\/wp\/v2\/categories?post=5753"},{"taxonomy":"post_tag","embeddable":true,"href":"https:\/\/www.bvvizela.pt\/site\/wp-json\/wp\/v2\/tags?post=5753"}],"curies":[{"name":"wp","href":"https:\/\/api.w.org\/{rel}","templated":true}]}}