{"id":5741,"date":"2018-12-21T12:20:31","date_gmt":"2018-12-21T12:20:31","guid":{"rendered":"http:\/\/www.bvvizela.pt\/site\/?p=5741"},"modified":"2018-12-21T12:20:31","modified_gmt":"2018-12-21T12:20:31","slug":"calendario-solidario-2019","status":"publish","type":"post","link":"https:\/\/www.bvvizela.pt\/site\/calendario-solidario-2019\/","title":{"rendered":"Calend\u00e1rio Solid\u00e1rio 2019"},"content":{"rendered":"<p>Calend\u00e1rios\/2019 dos Bombeiros V. de Vizela<br \/>\nJ\u00e1 se encontram dispon\u00edveis os calend\u00e1rios solid\u00e1rios dos Bombeiros V. de Vizela.<br \/>\nPor apenas um 1\u20ac &#8220;ajude-nos a ajud\u00e1-lo\u201d.<br \/>\nOs calend\u00e1rios deste ano fazem refer\u00eancia aos exerc\u00edcios realizados, VIZELA Noite Segura uma parceria entre os Bombeiros a C\u00e2mara Municipal e a GNR.<br \/>\nA Real Associa\u00e7\u00e3o agradece o importante apoio e contributo do Munic\u00edpio de Vizela na realiza\u00e7\u00e3o dos calend\u00e1rios solid\u00e1rios 2019.<\/p>\n<p><a href=\"http:\/\/www.bvvizela.pt\/site\/wp-content\/uploads\/cal.jpg\"><img loading=\"lazy\" decoding=\"async\" class=\"alignleft size-medium wp-image-5742\" src=\"http:\/\/www.bvvizela.pt\/site\/wp-content\/uploads\/cal-300x214.jpg\" alt=\"\" width=\"300\" height=\"214\" srcset=\"https:\/\/www.bvvizela.pt\/site\/wp-content\/uploads\/cal-300x214.jpg 300w, https:\/\/www.bvvizela.pt\/site\/wp-content\/uploads\/cal-768x547.jpg 768w, https:\/\/www.bvvizela.pt\/site\/wp-content\/uploads\/cal.jpg 1024w\" sizes=\"auto, (max-width: 300px) 100vw, 300px\" \/><\/a> <a href=\"http:\/\/www.bvvizela.pt\/site\/wp-content\/uploads\/IMG_20181221_115907.jpg\"><img loading=\"lazy\" decoding=\"async\" class=\"alignleft size-medium wp-image-5743\" src=\"http:\/\/www.bvvizela.pt\/site\/wp-content\/uploads\/IMG_20181221_115907-300x225.jpg\" alt=\"\" width=\"300\" height=\"225\" srcset=\"https:\/\/www.bvvizela.pt\/site\/wp-content\/uploads\/IMG_20181221_115907-300x225.jpg 300w, https:\/\/www.bvvizela.pt\/site\/wp-content\/uploads\/IMG_20181221_115907-768x576.jpg 768w, https:\/\/www.bvvizela.pt\/site\/wp-content\/uploads\/IMG_20181221_115907.jpg 1024w\" sizes=\"auto, (max-width: 300px) 100vw, 300px\" \/><\/a> <a href=\"http:\/\/www.bvvizela.pt\/site\/wp-content\/uploads\/IMG_20181221_115932.jpg\"><img loading=\"lazy\" decoding=\"async\" class=\"alignleft size-medium wp-image-5744\" src=\"http:\/\/www.bvvizela.pt\/site\/wp-content\/uploads\/IMG_20181221_115932-300x225.jpg\" alt=\"\" width=\"300\" height=\"225\" srcset=\"https:\/\/www.bvvizela.pt\/site\/wp-content\/uploads\/IMG_20181221_115932-300x225.jpg 300w, https:\/\/www.bvvizela.pt\/site\/wp-content\/uploads\/IMG_20181221_115932-768x576.jpg 768w, https:\/\/www.bvvizela.pt\/site\/wp-content\/uploads\/IMG_20181221_115932.jpg 1024w\" sizes=\"auto, (max-width: 300px) 100vw, 300px\" \/><\/a><\/p>\n","protected":false},"excerpt":{"rendered":"<p>Calend\u00e1rios\/2019 dos Bombeiros V. de Vizela J\u00e1 se encontram dispon\u00edveis os calend\u00e1rios solid\u00e1rios dos Bombeiros V. de Vizela. Por apenas um 1\u20ac &#8220;ajude-nos a ajud\u00e1-lo\u201d. Os calend\u00e1rios deste ano fazem refer\u00eancia aos exerc\u00edcios realizados, VIZELA Noite Segura uma parceria entre<\/p>\n","protected":false},"author":5,"featured_media":0,"comment_status":"closed","ping_status":"closed","sticky":false,"template":"","format":"standard","meta":{"ngg_post_thumbnail":0,"footnotes":""},"categories":[1],"tags":[],"class_list":["post-5741","post","type-post","status-publish","format-standard","hentry","category-noticias"],"_links":{"self":[{"href":"https:\/\/www.bvvizela.pt\/site\/wp-json\/wp\/v2\/posts\/5741","targetHints":{"allow":["GET"]}}],"collection":[{"href":"https:\/\/www.bvvizela.pt\/site\/wp-json\/wp\/v2\/posts"}],"about":[{"href":"https:\/\/www.bvvizela.pt\/site\/wp-json\/wp\/v2\/types\/post"}],"author":[{"embeddable":true,"href":"https:\/\/www.bvvizela.pt\/site\/wp-json\/wp\/v2\/users\/5"}],"replies":[{"embeddable":true,"href":"https:\/\/www.bvvizela.pt\/site\/wp-json\/wp\/v2\/comments?post=5741"}],"version-history":[{"count":2,"href":"https:\/\/www.bvvizela.pt\/site\/wp-json\/wp\/v2\/posts\/5741\/revisions"}],"predecessor-version":[{"id":5746,"href":"https:\/\/www.bvvizela.pt\/site\/wp-json\/wp\/v2\/posts\/5741\/revisions\/5746"}],"wp:attachment":[{"href":"https:\/\/www.bvvizela.pt\/site\/wp-json\/wp\/v2\/media?parent=5741"}],"wp:term":[{"taxonomy":"category","embeddable":true,"href":"https:\/\/www.bvvizela.pt\/site\/wp-json\/wp\/v2\/categories?post=5741"},{"taxonomy":"post_tag","embeddable":true,"href":"https:\/\/www.bvvizela.pt\/site\/wp-json\/wp\/v2\/tags?post=5741"}],"curies":[{"name":"wp","href":"https:\/\/api.w.org\/{rel}","templated":true}]}}