{"id":5715,"date":"2018-11-28T15:29:06","date_gmt":"2018-11-28T15:29:06","guid":{"rendered":"http:\/\/www.bvvizela.pt\/site\/?p=5715"},"modified":"2018-11-28T15:29:06","modified_gmt":"2018-11-28T15:29:06","slug":"falecimento-5","status":"publish","type":"post","link":"https:\/\/www.bvvizela.pt\/site\/falecimento-5\/","title":{"rendered":"FALECIMENTO"},"content":{"rendered":"<p><a href=\"http:\/\/www.bvvizela.pt\/site\/wp-content\/uploads\/falecimentos.png\"><img loading=\"lazy\" decoding=\"async\" class=\"size-medium wp-image-5716 aligncenter\" src=\"http:\/\/www.bvvizela.pt\/site\/wp-content\/uploads\/falecimentos-272x300.png\" alt=\"\" width=\"272\" height=\"300\" srcset=\"https:\/\/www.bvvizela.pt\/site\/wp-content\/uploads\/falecimentos-272x300.png 272w, https:\/\/www.bvvizela.pt\/site\/wp-content\/uploads\/falecimentos.png 593w\" sizes=\"auto, (max-width: 272px) 100vw, 272px\" \/><\/a><\/p>\n<p style=\"background: white;\">A Dire\u00e7\u00e3o e o Comando em nome da RAHBVV, v\u00eam por este meio apresentar o seu sentido pesar pelo falecimento de Bruno Rafael Oliveira da Silva, filho de, Jos\u00e9 Valentim Couto da Silva, bombeiro do quadro ativo neste corpo de bombeiros. Neste momento de profunda dor vimos por este meio, endere\u00e7ar ao nosso colega bombeiro e a toda a sua fam\u00edlia, as sentidas condol\u00eancias, pela perda do seu ente querido.<\/p>\n<p style=\"background: white;\">Descanse em paz.<\/p>\n<p style=\"background: white;\">A Dire\u00e7\u00e3o \u2013 O Comando<\/p>\n","protected":false},"excerpt":{"rendered":"<p>A Dire\u00e7\u00e3o e o Comando em nome da RAHBVV, v\u00eam por este meio apresentar o seu sentido pesar pelo falecimento de Bruno Rafael Oliveira da Silva, filho de, Jos\u00e9 Valentim Couto da Silva, bombeiro do quadro ativo neste corpo de<\/p>\n","protected":false},"author":5,"featured_media":0,"comment_status":"open","ping_status":"closed","sticky":false,"template":"","format":"standard","meta":{"ngg_post_thumbnail":0,"footnotes":""},"categories":[1],"tags":[],"class_list":["post-5715","post","type-post","status-publish","format-standard","hentry","category-noticias"],"_links":{"self":[{"href":"https:\/\/www.bvvizela.pt\/site\/wp-json\/wp\/v2\/posts\/5715","targetHints":{"allow":["GET"]}}],"collection":[{"href":"https:\/\/www.bvvizela.pt\/site\/wp-json\/wp\/v2\/posts"}],"about":[{"href":"https:\/\/www.bvvizela.pt\/site\/wp-json\/wp\/v2\/types\/post"}],"author":[{"embeddable":true,"href":"https:\/\/www.bvvizela.pt\/site\/wp-json\/wp\/v2\/users\/5"}],"replies":[{"embeddable":true,"href":"https:\/\/www.bvvizela.pt\/site\/wp-json\/wp\/v2\/comments?post=5715"}],"version-history":[{"count":2,"href":"https:\/\/www.bvvizela.pt\/site\/wp-json\/wp\/v2\/posts\/5715\/revisions"}],"predecessor-version":[{"id":5718,"href":"https:\/\/www.bvvizela.pt\/site\/wp-json\/wp\/v2\/posts\/5715\/revisions\/5718"}],"wp:attachment":[{"href":"https:\/\/www.bvvizela.pt\/site\/wp-json\/wp\/v2\/media?parent=5715"}],"wp:term":[{"taxonomy":"category","embeddable":true,"href":"https:\/\/www.bvvizela.pt\/site\/wp-json\/wp\/v2\/categories?post=5715"},{"taxonomy":"post_tag","embeddable":true,"href":"https:\/\/www.bvvizela.pt\/site\/wp-json\/wp\/v2\/tags?post=5715"}],"curies":[{"name":"wp","href":"https:\/\/api.w.org\/{rel}","templated":true}]}}