{"id":5704,"date":"2018-11-20T19:24:56","date_gmt":"2018-11-20T19:24:56","guid":{"rendered":"http:\/\/www.bvvizela.pt\/site\/?p=5704"},"modified":"2018-11-20T19:24:56","modified_gmt":"2018-11-20T19:24:56","slug":"falecimento-4","status":"publish","type":"post","link":"https:\/\/www.bvvizela.pt\/site\/falecimento-4\/","title":{"rendered":"FALECIMENTO"},"content":{"rendered":"<p><a href=\"http:\/\/www.bvvizela.pt\/site\/wp-content\/uploads\/received_1946412148776656.jpeg\"><img loading=\"lazy\" decoding=\"async\" class=\"size-medium wp-image-5705 aligncenter\" src=\"http:\/\/www.bvvizela.pt\/site\/wp-content\/uploads\/received_1946412148776656-242x300.jpeg\" alt=\"\" width=\"242\" height=\"300\" srcset=\"https:\/\/www.bvvizela.pt\/site\/wp-content\/uploads\/received_1946412148776656-242x300.jpeg 242w, https:\/\/www.bvvizela.pt\/site\/wp-content\/uploads\/received_1946412148776656.jpeg 258w\" sizes=\"auto, (max-width: 242px) 100vw, 242px\" \/><\/a>A Dire\u00e7\u00e3o e o Comando em nome da RAHBVV, v\u00eam por este meio apresentar o seu sentido pesar pelo falecimento de Bernardino Alberto Oliveira Nogueira, pai de, Jos\u00e9 Emanuel Macedo Nogueira, subchefe neste corpo de bombeiros. Neste momento de profunda dor vimos por este meio, endere\u00e7ar ao nosso colega e a toda a sua fam\u00edlia, as sentidas condol\u00eancias, pela perda do seu ente querido.<\/p>\n<p>Informamos que o funeral ter\u00e1 lugar 4\u00aa- feira, dia 21, \u00e0s 15:00 horas na igreja de S. Miguel das Caldas de Vizela onde est\u00e1 depositado e onde ser\u00e1 celebrada a missa de corpo presente, indo de seguida a sepultar no cemit\u00e9rio da mesma freguesia.<\/p>\n<p>Descanse em paz.<\/p>\n<p>A Dire\u00e7\u00e3o \u2013 O Comando<\/p>\n","protected":false},"excerpt":{"rendered":"<p>A Dire\u00e7\u00e3o e o Comando em nome da RAHBVV, v\u00eam por este meio apresentar o seu sentido pesar pelo falecimento de Bernardino Alberto Oliveira Nogueira, pai de, Jos\u00e9 Emanuel Macedo Nogueira, subchefe neste corpo de bombeiros. Neste momento de profunda<\/p>\n","protected":false},"author":5,"featured_media":0,"comment_status":"open","ping_status":"closed","sticky":false,"template":"","format":"standard","meta":{"ngg_post_thumbnail":0,"footnotes":""},"categories":[1],"tags":[],"class_list":["post-5704","post","type-post","status-publish","format-standard","hentry","category-noticias"],"_links":{"self":[{"href":"https:\/\/www.bvvizela.pt\/site\/wp-json\/wp\/v2\/posts\/5704","targetHints":{"allow":["GET"]}}],"collection":[{"href":"https:\/\/www.bvvizela.pt\/site\/wp-json\/wp\/v2\/posts"}],"about":[{"href":"https:\/\/www.bvvizela.pt\/site\/wp-json\/wp\/v2\/types\/post"}],"author":[{"embeddable":true,"href":"https:\/\/www.bvvizela.pt\/site\/wp-json\/wp\/v2\/users\/5"}],"replies":[{"embeddable":true,"href":"https:\/\/www.bvvizela.pt\/site\/wp-json\/wp\/v2\/comments?post=5704"}],"version-history":[{"count":1,"href":"https:\/\/www.bvvizela.pt\/site\/wp-json\/wp\/v2\/posts\/5704\/revisions"}],"predecessor-version":[{"id":5706,"href":"https:\/\/www.bvvizela.pt\/site\/wp-json\/wp\/v2\/posts\/5704\/revisions\/5706"}],"wp:attachment":[{"href":"https:\/\/www.bvvizela.pt\/site\/wp-json\/wp\/v2\/media?parent=5704"}],"wp:term":[{"taxonomy":"category","embeddable":true,"href":"https:\/\/www.bvvizela.pt\/site\/wp-json\/wp\/v2\/categories?post=5704"},{"taxonomy":"post_tag","embeddable":true,"href":"https:\/\/www.bvvizela.pt\/site\/wp-json\/wp\/v2\/tags?post=5704"}],"curies":[{"name":"wp","href":"https:\/\/api.w.org\/{rel}","templated":true}]}}