{"id":5660,"date":"2018-10-29T08:17:54","date_gmt":"2018-10-29T08:17:54","guid":{"rendered":"http:\/\/www.bvvizela.pt\/site\/?p=5660"},"modified":"2018-10-29T08:17:54","modified_gmt":"2018-10-29T08:17:54","slug":"falecimento-3","status":"publish","type":"post","link":"https:\/\/www.bvvizela.pt\/site\/falecimento-3\/","title":{"rendered":"Falecimento"},"content":{"rendered":"<div class=\"WordSection1\" style=\"color: #212121; font-family: -apple-system, HelveticaNeue;\">\n<p><a href=\"http:\/\/www.bvvizela.pt\/site\/wp-content\/uploads\/Maf.jpg\"><img loading=\"lazy\" decoding=\"async\" class=\"size-medium wp-image-5661 aligncenter\" src=\"http:\/\/www.bvvizela.pt\/site\/wp-content\/uploads\/Maf-220x300.jpg\" alt=\"\" width=\"220\" height=\"300\" srcset=\"https:\/\/www.bvvizela.pt\/site\/wp-content\/uploads\/Maf-220x300.jpg 220w, https:\/\/www.bvvizela.pt\/site\/wp-content\/uploads\/Maf.jpg 293w\" sizes=\"auto, (max-width: 220px) 100vw, 220px\" \/><\/a><\/p>\n<p style=\"margin-right: 0cm; margin-left: 0cm; font-size: 12pt; font-family: 'Times New Roman', serif; margin-bottom: 11.25pt; text-align: justify; line-height: 18pt; vertical-align: baseline;\"><b><span style=\"font-size: 14pt; font-family: 'Arial Unicode MS', sans-serif; line-height: 28px;\">A Dire\u00e7\u00e3o e o Comando em nome da RAHBVV, v\u00eam por este meio apresentar o seu sentido pesar pelo falecimento de Maria Am\u00e9lia Ferreira , m\u00e3e de, Jos\u00e9 Armando Ferreira Branco, diretor\u00a0suplente da Dire\u00e7\u00e3o da RAHBV de Vizela. Neste momento de profunda dor vimos por este meio, endere\u00e7ar ao diretor e a toda a sua fam\u00edlia, as sentidas condol\u00eancias, pela perda do seu ente querido.<\/span><\/b><\/p>\n<p style=\"margin-right: 0cm; margin-left: 0cm; font-size: 12pt; font-family: 'Times New Roman', serif; margin-bottom: 11.25pt; text-align: justify; line-height: 18pt; vertical-align: baseline;\"><b><span style=\"font-size: 14pt; font-family: 'Arial Unicode MS', sans-serif; line-height: 28px;\">Informamos que o<\/span><\/b><b><span style=\"font-size: 14pt; font-family: 'Arial Unicode MS', sans-serif; line-height: 28px;\">\u00a0funeral ter\u00e1 lugar 2\u00aa- feira, dia 29, \u00e0s 16:00 horas da igreja\u00a0de S. Jo\u00e3o das Caldas de Vizela onde est\u00e1 depositada e onde ser\u00e1 celebrada missa de corpo presente, indo de seguida a sepultar no cemit\u00e9rio da mesma freguesia.<\/span><\/b><b><\/b><\/p>\n<p class=\"MsoNoSpacing\" style=\"margin: 0cm 0cm 0.0001pt; font-size: 11pt; font-family: Calibri, sans-serif; outline: 0px; orphans: 2; widows: 2;\"><b><span style=\"font-size: 14pt; font-family: 'Arial Unicode MS', sans-serif; line-height: 28px;\">Descanse em paz.<\/span><\/b><\/p>\n<p class=\"MsoNoSpacing\" style=\"margin: 0cm 0cm 0.0001pt; font-size: 11pt; font-family: Calibri, sans-serif;\"><b><span style=\"font-size: 14pt; font-family: 'Arial Unicode MS', sans-serif; line-height: 28px;\">A Dire\u00e7\u00e3o\u00a0<span lang=\"EN-US\">\u2013<\/span>\u00a0O Comando<\/span><\/b><\/p>\n<p class=\"MsoNormal\" style=\"margin: 0cm 0cm 0.0001pt; font-size: 11pt; font-family: Calibri, sans-serif;\"><span style=\"font-size: 12pt; line-height: 24px;\">\u00a0<\/span><\/p>\n<p class=\"MsoNormal\" style=\"margin: 0cm 0cm 0.0001pt; font-size: 11pt; font-family: Calibri, sans-serif;\">\n<\/div>\n","protected":false},"excerpt":{"rendered":"<p>A Dire\u00e7\u00e3o e o Comando em nome da RAHBVV, v\u00eam por este meio apresentar o seu sentido pesar pelo falecimento de Maria Am\u00e9lia Ferreira , m\u00e3e de, Jos\u00e9 Armando Ferreira Branco, diretor\u00a0suplente da Dire\u00e7\u00e3o da RAHBV de Vizela. Neste momento<\/p>\n","protected":false},"author":5,"featured_media":0,"comment_status":"open","ping_status":"closed","sticky":false,"template":"","format":"standard","meta":{"ngg_post_thumbnail":0,"footnotes":""},"categories":[1,4],"tags":[],"class_list":["post-5660","post","type-post","status-publish","format-standard","hentry","category-noticias","category-socios"],"_links":{"self":[{"href":"https:\/\/www.bvvizela.pt\/site\/wp-json\/wp\/v2\/posts\/5660","targetHints":{"allow":["GET"]}}],"collection":[{"href":"https:\/\/www.bvvizela.pt\/site\/wp-json\/wp\/v2\/posts"}],"about":[{"href":"https:\/\/www.bvvizela.pt\/site\/wp-json\/wp\/v2\/types\/post"}],"author":[{"embeddable":true,"href":"https:\/\/www.bvvizela.pt\/site\/wp-json\/wp\/v2\/users\/5"}],"replies":[{"embeddable":true,"href":"https:\/\/www.bvvizela.pt\/site\/wp-json\/wp\/v2\/comments?post=5660"}],"version-history":[{"count":1,"href":"https:\/\/www.bvvizela.pt\/site\/wp-json\/wp\/v2\/posts\/5660\/revisions"}],"predecessor-version":[{"id":5662,"href":"https:\/\/www.bvvizela.pt\/site\/wp-json\/wp\/v2\/posts\/5660\/revisions\/5662"}],"wp:attachment":[{"href":"https:\/\/www.bvvizela.pt\/site\/wp-json\/wp\/v2\/media?parent=5660"}],"wp:term":[{"taxonomy":"category","embeddable":true,"href":"https:\/\/www.bvvizela.pt\/site\/wp-json\/wp\/v2\/categories?post=5660"},{"taxonomy":"post_tag","embeddable":true,"href":"https:\/\/www.bvvizela.pt\/site\/wp-json\/wp\/v2\/tags?post=5660"}],"curies":[{"name":"wp","href":"https:\/\/api.w.org\/{rel}","templated":true}]}}