{"id":5652,"date":"2018-10-24T18:19:16","date_gmt":"2018-10-24T17:19:16","guid":{"rendered":"http:\/\/www.bvvizela.pt\/site\/?p=5652"},"modified":"2018-10-24T18:19:49","modified_gmt":"2018-10-24T17:19:49","slug":"falecimento-2","status":"publish","type":"post","link":"https:\/\/www.bvvizela.pt\/site\/falecimento-2\/","title":{"rendered":"Falecimento"},"content":{"rendered":"<p><b><a href=\"http:\/\/www.bvvizela.pt\/site\/wp-content\/uploads\/Mjc.jpg\"><img loading=\"lazy\" decoding=\"async\" class=\"size-medium wp-image-5653 aligncenter\" src=\"http:\/\/www.bvvizela.pt\/site\/wp-content\/uploads\/Mjc-221x300.jpg\" alt=\"\" width=\"221\" height=\"300\" srcset=\"https:\/\/www.bvvizela.pt\/site\/wp-content\/uploads\/Mjc-221x300.jpg 221w, https:\/\/www.bvvizela.pt\/site\/wp-content\/uploads\/Mjc.jpg 545w\" sizes=\"auto, (max-width: 221px) 100vw, 221px\" \/><\/a>A Dire\u00e7\u00e3o e o Comando em nome da RAHBVV, v\u00eam por este meio apresentar o seu sentido pesar pelo falecimento de<\/b><b>\u00a0Maria Julieta da Costa<\/b><b>,<\/b><b>\u00a0esposa de Jos\u00e9 Pereira de Almeida, elemento Guia desde, longos anos nos pedit\u00f3rios dos BVV pertencente \u00e0 Comiss\u00e3o de Auxilio da freguesia de St\u00aa Eul\u00e1lia. Neste momento de profunda dor vimos por este meio, endere\u00e7ar<\/b><b>\u00a0ao nosso cooperante\u00a0<\/b><b>Jos\u00e9 Pereira de Almeida<\/b><b>\u00a0e a toda a sua fam\u00edlia, as sentidas condol\u00eancias, pela perda do seu ente querido.<\/b><\/p>\n<p><b>Descanse em paz.<br \/>\nA Dire\u00e7\u00e3o \u2013 O Comando<\/b><\/p>\n","protected":false},"excerpt":{"rendered":"<p>A Dire\u00e7\u00e3o e o Comando em nome da RAHBVV, v\u00eam por este meio apresentar o seu sentido pesar pelo falecimento de\u00a0Maria Julieta da Costa,\u00a0esposa de Jos\u00e9 Pereira de Almeida, elemento Guia desde, longos anos nos pedit\u00f3rios dos BVV pertencente \u00e0<\/p>\n","protected":false},"author":5,"featured_media":0,"comment_status":"open","ping_status":"closed","sticky":false,"template":"","format":"standard","meta":{"ngg_post_thumbnail":0,"footnotes":""},"categories":[1,4],"tags":[],"class_list":["post-5652","post","type-post","status-publish","format-standard","hentry","category-noticias","category-socios"],"_links":{"self":[{"href":"https:\/\/www.bvvizela.pt\/site\/wp-json\/wp\/v2\/posts\/5652","targetHints":{"allow":["GET"]}}],"collection":[{"href":"https:\/\/www.bvvizela.pt\/site\/wp-json\/wp\/v2\/posts"}],"about":[{"href":"https:\/\/www.bvvizela.pt\/site\/wp-json\/wp\/v2\/types\/post"}],"author":[{"embeddable":true,"href":"https:\/\/www.bvvizela.pt\/site\/wp-json\/wp\/v2\/users\/5"}],"replies":[{"embeddable":true,"href":"https:\/\/www.bvvizela.pt\/site\/wp-json\/wp\/v2\/comments?post=5652"}],"version-history":[{"count":1,"href":"https:\/\/www.bvvizela.pt\/site\/wp-json\/wp\/v2\/posts\/5652\/revisions"}],"predecessor-version":[{"id":5654,"href":"https:\/\/www.bvvizela.pt\/site\/wp-json\/wp\/v2\/posts\/5652\/revisions\/5654"}],"wp:attachment":[{"href":"https:\/\/www.bvvizela.pt\/site\/wp-json\/wp\/v2\/media?parent=5652"}],"wp:term":[{"taxonomy":"category","embeddable":true,"href":"https:\/\/www.bvvizela.pt\/site\/wp-json\/wp\/v2\/categories?post=5652"},{"taxonomy":"post_tag","embeddable":true,"href":"https:\/\/www.bvvizela.pt\/site\/wp-json\/wp\/v2\/tags?post=5652"}],"curies":[{"name":"wp","href":"https:\/\/api.w.org\/{rel}","templated":true}]}}