{"id":5632,"date":"2018-10-22T22:58:55","date_gmt":"2018-10-22T21:58:55","guid":{"rendered":"http:\/\/www.bvvizela.pt\/site\/?p=5632"},"modified":"2018-10-22T22:58:55","modified_gmt":"2018-10-22T21:58:55","slug":"dom-duarte-pio-condecorou-a-real-associacao-humanitaria-de-bombeiros-voluntarios-de-vizela","status":"publish","type":"post","link":"https:\/\/www.bvvizela.pt\/site\/dom-duarte-pio-condecorou-a-real-associacao-humanitaria-de-bombeiros-voluntarios-de-vizela\/","title":{"rendered":"Dom Duarte Pio condecorou a Real Associa\u00e7\u00e3o Humanit\u00e1ria de Bombeiros Volunt\u00e1rios de Vizela"},"content":{"rendered":"<p><strong>P<\/strong><strong>or delibera\u00e7\u00e3o de Sua Alteza Real Dom Duarte Pio de Bragan\u00e7a, Gr\u00e3o-mestre da Real Ordem de Nossa Senhora da Concei\u00e7\u00e3o de Vila Vi\u00e7osa, foi concedida \u00e0 Real Associa\u00e7\u00e3o Humanit\u00e1ria de Bombeiros Volunt\u00e1rios de Vizela a Medalha de M\u00e9rito de Nossa Senhora da Concei\u00e7\u00e3o de Vila Vi\u00e7osa &#8211; Padroeira do Reino.<\/strong><\/p>\n<p><strong>A condecora\u00e7\u00e3o aconteceu no passado dia 21 de outubro do corrente ano de 2018, na Igreja de S\u00e3o Roque no Largo Trindade Coelho em Lisboa, e foi feita em m\u00e3o por Dom Duarte Pio de Bragan\u00e7a ao presidente da Dire\u00e7\u00e3o e ao comandante, no final da Missa comemorativa dos 150 anos da Real Associa\u00e7\u00e3o Humanit\u00e1ria dos Bombeiros Volunt\u00e1rios de Lisboa, a qual foi celebrada por Dom Manuel Clemente, Cardeal Patriarca de Lisboa.<\/strong><\/p>\n<p><strong>O p\u00e1roco de S. Miguel das Caldas, capel\u00e3o dos Bombeiros Volunt\u00e1rios de Vizela e arcipreste de Guimar\u00e3es-Vizela, coadjuvou na celebra\u00e7\u00e3o eucar\u00edstica.<\/strong><\/p>\n<p><strong>Acompanharam o ato os Presidentes dos \u00d3rg\u00e3os Sociais da Associa\u00e7\u00e3o empossados no passado dia 19, Armindo Faria presidente da mesa da Assembleia Geral, Jos\u00e9 Manuel Pires presidente da Dire\u00e7\u00e3o, e Jo\u00e3o Barbosa presidente do Concelho Fiscal.<\/strong><\/p>\n<p><strong>Do comando Paulo F\u00e9lix comandante, Ad\u00e3o Carvalho 2\u00ba comandante,\u00a0Ana Lu\u00edsa e Miguel Ribeiro, adjuntos do comando.<\/strong><\/p>\n<p>&nbsp;<\/p>\n<p><strong>\u00a0<\/strong><strong>REAIS<\/strong><\/p>\n<p><strong><br \/>\nNum total de 461 Associa\u00e7\u00f5es de Bombeiros do Pa\u00eds, apenas 19 delas receberam tal e prestigiante condecora\u00e7\u00e3o correspondendo \u00e0s Associa\u00e7\u00f5es reconhecidas com o t\u00edtulo de Real. A Associa\u00e7\u00e3o vizelense passou a ostentar o t\u00edtulo de Real, em 10 de junho de 1905, atribu\u00edda em Lisboa por carta r\u00e9gia, pelo Rei D. Carlos, que concedeu a merc\u00ea e privil\u00e9gio de Real \u00e0 corpora\u00e7\u00e3o Vizelense passando esta, doravante, a designar-se por Real Associa\u00e7\u00e3o Humanit\u00e1ria dos Bombeiros Volunt\u00e1rios de Vizela.<\/strong><\/p>\n<p><a href=\"http:\/\/www.bvvizela.pt\/site\/wp-content\/uploads\/44552778_1123973284479605_6817460460057526272_n.jpg\"><br \/>\n<img loading=\"lazy\" decoding=\"async\" class=\"alignleft wp-image-5637 size-medium\" src=\"http:\/\/www.bvvizela.pt\/site\/wp-content\/uploads\/44552778_1123973284479605_6817460460057526272_n-300x225.jpg\" alt=\"\" width=\"300\" height=\"225\" srcset=\"https:\/\/www.bvvizela.pt\/site\/wp-content\/uploads\/44552778_1123973284479605_6817460460057526272_n-300x225.jpg 300w, https:\/\/www.bvvizela.pt\/site\/wp-content\/uploads\/44552778_1123973284479605_6817460460057526272_n-768x576.jpg 768w, https:\/\/www.bvvizela.pt\/site\/wp-content\/uploads\/44552778_1123973284479605_6817460460057526272_n.jpg 1024w\" sizes=\"auto, (max-width: 300px) 100vw, 300px\" \/><\/a> <a href=\"http:\/\/www.bvvizela.pt\/site\/wp-content\/uploads\/44493402_2530638586948129_1104277581185679360_n.jpg\"><img loading=\"lazy\" decoding=\"async\" class=\"wp-image-5636 size-medium alignright\" src=\"http:\/\/www.bvvizela.pt\/site\/wp-content\/uploads\/44493402_2530638586948129_1104277581185679360_n-300x225.jpg\" alt=\"\" width=\"300\" height=\"225\" srcset=\"https:\/\/www.bvvizela.pt\/site\/wp-content\/uploads\/44493402_2530638586948129_1104277581185679360_n-300x225.jpg 300w, https:\/\/www.bvvizela.pt\/site\/wp-content\/uploads\/44493402_2530638586948129_1104277581185679360_n-768x576.jpg 768w, https:\/\/www.bvvizela.pt\/site\/wp-content\/uploads\/44493402_2530638586948129_1104277581185679360_n.jpg 1024w\" sizes=\"auto, (max-width: 300px) 100vw, 300px\" \/><\/a><\/p>\n<p><img loading=\"lazy\" decoding=\"async\" class=\"wp-image-5634  alignnone\" src=\"http:\/\/www.bvvizela.pt\/site\/wp-content\/uploads\/44443882_2062618763805297_5940564134058786816_n-223x300.jpg\" alt=\"\" width=\"215\" height=\"289\" srcset=\"https:\/\/www.bvvizela.pt\/site\/wp-content\/uploads\/44443882_2062618763805297_5940564134058786816_n-223x300.jpg 223w, https:\/\/www.bvvizela.pt\/site\/wp-content\/uploads\/44443882_2062618763805297_5940564134058786816_n-768x1033.jpg 768w, https:\/\/www.bvvizela.pt\/site\/wp-content\/uploads\/44443882_2062618763805297_5940564134058786816_n.jpg 761w\" sizes=\"auto, (max-width: 215px) 100vw, 215px\" \/><a href=\"http:\/\/www.bvvizela.pt\/site\/wp-content\/uploads\/44398749_2237150343196003_2693523099701215232_n.jpg\"><img loading=\"lazy\" decoding=\"async\" class=\"wp-image-5633  alignnone\" src=\"http:\/\/www.bvvizela.pt\/site\/wp-content\/uploads\/44398749_2237150343196003_2693523099701215232_n-223x300.jpg\" alt=\"\" width=\"215\" height=\"289\" srcset=\"https:\/\/www.bvvizela.pt\/site\/wp-content\/uploads\/44398749_2237150343196003_2693523099701215232_n-223x300.jpg 223w, https:\/\/www.bvvizela.pt\/site\/wp-content\/uploads\/44398749_2237150343196003_2693523099701215232_n-768x1033.jpg 768w, https:\/\/www.bvvizela.pt\/site\/wp-content\/uploads\/44398749_2237150343196003_2693523099701215232_n.jpg 761w\" sizes=\"auto, (max-width: 215px) 100vw, 215px\" \/><\/a><a href=\"http:\/\/www.bvvizela.pt\/site\/wp-content\/uploads\/IMG_20181021_192233.jpg\"><img loading=\"lazy\" decoding=\"async\" class=\"wp-image-5642  alignnone\" src=\"http:\/\/www.bvvizela.pt\/site\/wp-content\/uploads\/IMG_20181021_192233-225x300.jpg\" alt=\"\" width=\"218\" height=\"290\" srcset=\"https:\/\/www.bvvizela.pt\/site\/wp-content\/uploads\/IMG_20181021_192233-225x300.jpg 225w, https:\/\/www.bvvizela.pt\/site\/wp-content\/uploads\/IMG_20181021_192233.jpg 768w\" sizes=\"auto, (max-width: 218px) 100vw, 218px\" \/><\/a><\/p>\n<p><img loading=\"lazy\" decoding=\"async\" class=\"aligncenter wp-image-5635 size-large\" src=\"http:\/\/www.bvvizela.pt\/site\/wp-content\/uploads\/44493364_176189289975024_7935760465219551232_n-1024x768.jpg\" alt=\"\" width=\"720\" height=\"540\" srcset=\"https:\/\/www.bvvizela.pt\/site\/wp-content\/uploads\/44493364_176189289975024_7935760465219551232_n.jpg 1024w, https:\/\/www.bvvizela.pt\/site\/wp-content\/uploads\/44493364_176189289975024_7935760465219551232_n-300x225.jpg 300w, https:\/\/www.bvvizela.pt\/site\/wp-content\/uploads\/44493364_176189289975024_7935760465219551232_n-768x576.jpg 768w\" sizes=\"auto, (max-width: 720px) 100vw, 720px\" \/><\/p>\n","protected":false},"excerpt":{"rendered":"<p>Por delibera\u00e7\u00e3o de Sua Alteza Real Dom Duarte Pio de Bragan\u00e7a, Gr\u00e3o-mestre da Real Ordem de Nossa Senhora da Concei\u00e7\u00e3o de Vila Vi\u00e7osa, foi concedida \u00e0 Real Associa\u00e7\u00e3o Humanit\u00e1ria de Bombeiros Volunt\u00e1rios de Vizela a Medalha de M\u00e9rito de Nossa<\/p>\n","protected":false},"author":5,"featured_media":0,"comment_status":"open","ping_status":"closed","sticky":false,"template":"","format":"standard","meta":{"ngg_post_thumbnail":0,"footnotes":""},"categories":[1],"tags":[],"class_list":["post-5632","post","type-post","status-publish","format-standard","hentry","category-noticias"],"_links":{"self":[{"href":"https:\/\/www.bvvizela.pt\/site\/wp-json\/wp\/v2\/posts\/5632","targetHints":{"allow":["GET"]}}],"collection":[{"href":"https:\/\/www.bvvizela.pt\/site\/wp-json\/wp\/v2\/posts"}],"about":[{"href":"https:\/\/www.bvvizela.pt\/site\/wp-json\/wp\/v2\/types\/post"}],"author":[{"embeddable":true,"href":"https:\/\/www.bvvizela.pt\/site\/wp-json\/wp\/v2\/users\/5"}],"replies":[{"embeddable":true,"href":"https:\/\/www.bvvizela.pt\/site\/wp-json\/wp\/v2\/comments?post=5632"}],"version-history":[{"count":8,"href":"https:\/\/www.bvvizela.pt\/site\/wp-json\/wp\/v2\/posts\/5632\/revisions"}],"predecessor-version":[{"id":5647,"href":"https:\/\/www.bvvizela.pt\/site\/wp-json\/wp\/v2\/posts\/5632\/revisions\/5647"}],"wp:attachment":[{"href":"https:\/\/www.bvvizela.pt\/site\/wp-json\/wp\/v2\/media?parent=5632"}],"wp:term":[{"taxonomy":"category","embeddable":true,"href":"https:\/\/www.bvvizela.pt\/site\/wp-json\/wp\/v2\/categories?post=5632"},{"taxonomy":"post_tag","embeddable":true,"href":"https:\/\/www.bvvizela.pt\/site\/wp-json\/wp\/v2\/tags?post=5632"}],"curies":[{"name":"wp","href":"https:\/\/api.w.org\/{rel}","templated":true}]}}