{"id":5627,"date":"2018-10-18T11:08:29","date_gmt":"2018-10-18T10:08:29","guid":{"rendered":"http:\/\/www.bvvizela.pt\/site\/?p=5627"},"modified":"2018-10-18T11:50:39","modified_gmt":"2018-10-18T10:50:39","slug":"distincao-honorifica","status":"publish","type":"post","link":"https:\/\/www.bvvizela.pt\/site\/distincao-honorifica\/","title":{"rendered":"DISTIN\u00c7\u00c3O HONOR\u00cdFICA"},"content":{"rendered":"<p><strong>Real Associa\u00e7\u00e3o Humanit\u00e1ria de Bombeiros Volunt\u00e1rios de Vizela\u00a0 agraciada com distin\u00e7\u00e3o honor\u00edfica<\/strong>.<\/p>\n<p>Por delibera\u00e7\u00e3o de S.A.R. Dom Duarte Pio de Bragan\u00e7a, Gr\u00e3o-mestre da Real Ordem de Nossa Senhora da Concei\u00e7\u00e3o de Vila Vi\u00e7osa, concedeu \u00e0\u00a0<strong>Real Associa\u00e7\u00e3o Humanit\u00e1ria de Bombeiros\u00a0Volunt\u00e1rios de Vizela<\/strong>\u00a0a\u00a0<strong><em>Medalha de M\u00e9rito de Nossa Senhora da Concei\u00e7\u00e3o de Vila Vi\u00e7osa &#8211; Padroeira do Reino<\/em><\/strong><\/p>\n<p>A condecora\u00e7\u00e3o ser\u00e1 entregue no pr\u00f3ximo domingo, dia 21 de Outubro, \u00e0s 11 horas, na Igreja de S\u00e3o Roque no Largo Trindade Coelho em Lisboa, na Santa Missa comemorativa dos 150 anos da Real Associa\u00e7\u00e3o Humanit\u00e1ria dos Bombeiros Volunt\u00e1rios de Lisboa, a qual ser\u00e1 celebrada por Sua Emin\u00eancia Reverend\u00edssima Dom Manuel Clemente, Cardeal Patriarca de Lisboa. Ter\u00e1 a mesma transmiss\u00e3o televisiva pela TVI e radiof\u00f3nica pela Radio Renascen\u00e7a.<\/p>\n<p>A entrega da Condecora\u00e7\u00e3o ser\u00e1 feita em m\u00e3o por S.A.R. Dom Duarte Pio de Bragan\u00e7a.<\/p>\n<p>Num total de 461 Associa\u00e7\u00f5es de Bombeiros do Pa\u00eds, apenas 19 delas v\u00e3o receber tal e prestigiante condecora\u00e7\u00e3o correspondendo \u00e0s Associa\u00e7\u00f5es reconhecidas com o t\u00edtulo de Real. A nossa Associa\u00e7\u00e3o passou a ostentar o t\u00edtulo de <strong>Real<\/strong>, em 10 de junho de 1905, atribu\u00edda em Lisboa por carta r\u00e9gia, pelo Rei D. Carlos, que concedeu a merc\u00ea e privil\u00e9gio de Real \u00e0 corpora\u00e7\u00e3o Vizelense passando esta, doravante, a designar-se por<strong> Real Associa\u00e7\u00e3o Humanit\u00e1ria de Bombeiros Volunt\u00e1rios de Vizela<\/strong>.<\/p>\n<p>Apenas para conhecimento, no distrito de Braga existem a\u00a0R.A.H.B.V. de\u00a0Vizela e a\u00a0<span style=\"color: #000000;\">R.A.H.B.V. de\u00a0<\/span>Famalic\u00e3o.<a href=\"http:\/\/www.bvvizela.pt\/site\/wp-content\/uploads\/SAVE_20181018_050152.jpeg\"><img loading=\"lazy\" decoding=\"async\" class=\"aligncenter size-medium wp-image-5628\" src=\"http:\/\/www.bvvizela.pt\/site\/wp-content\/uploads\/SAVE_20181018_050152-300x197.jpeg\" alt=\"\" width=\"300\" height=\"197\" srcset=\"https:\/\/www.bvvizela.pt\/site\/wp-content\/uploads\/SAVE_20181018_050152-300x197.jpeg 300w, https:\/\/www.bvvizela.pt\/site\/wp-content\/uploads\/SAVE_20181018_050152.jpeg 760w\" sizes=\"auto, (max-width: 300px) 100vw, 300px\" \/><\/a><\/p>\n","protected":false},"excerpt":{"rendered":"<p>Real Associa\u00e7\u00e3o Humanit\u00e1ria de Bombeiros Volunt\u00e1rios de Vizela\u00a0 agraciada com distin\u00e7\u00e3o honor\u00edfica. Por delibera\u00e7\u00e3o de S.A.R. Dom Duarte Pio de Bragan\u00e7a, Gr\u00e3o-mestre da Real Ordem de Nossa Senhora da Concei\u00e7\u00e3o de Vila Vi\u00e7osa, concedeu \u00e0\u00a0Real Associa\u00e7\u00e3o Humanit\u00e1ria de Bombeiros\u00a0Volunt\u00e1rios de<\/p>\n","protected":false},"author":5,"featured_media":0,"comment_status":"open","ping_status":"closed","sticky":false,"template":"","format":"standard","meta":{"ngg_post_thumbnail":0,"footnotes":""},"categories":[3,1,4],"tags":[],"class_list":["post-5627","post","type-post","status-publish","format-standard","hentry","category-destaques","category-noticias","category-socios"],"_links":{"self":[{"href":"https:\/\/www.bvvizela.pt\/site\/wp-json\/wp\/v2\/posts\/5627","targetHints":{"allow":["GET"]}}],"collection":[{"href":"https:\/\/www.bvvizela.pt\/site\/wp-json\/wp\/v2\/posts"}],"about":[{"href":"https:\/\/www.bvvizela.pt\/site\/wp-json\/wp\/v2\/types\/post"}],"author":[{"embeddable":true,"href":"https:\/\/www.bvvizela.pt\/site\/wp-json\/wp\/v2\/users\/5"}],"replies":[{"embeddable":true,"href":"https:\/\/www.bvvizela.pt\/site\/wp-json\/wp\/v2\/comments?post=5627"}],"version-history":[{"count":3,"href":"https:\/\/www.bvvizela.pt\/site\/wp-json\/wp\/v2\/posts\/5627\/revisions"}],"predecessor-version":[{"id":5631,"href":"https:\/\/www.bvvizela.pt\/site\/wp-json\/wp\/v2\/posts\/5627\/revisions\/5631"}],"wp:attachment":[{"href":"https:\/\/www.bvvizela.pt\/site\/wp-json\/wp\/v2\/media?parent=5627"}],"wp:term":[{"taxonomy":"category","embeddable":true,"href":"https:\/\/www.bvvizela.pt\/site\/wp-json\/wp\/v2\/categories?post=5627"},{"taxonomy":"post_tag","embeddable":true,"href":"https:\/\/www.bvvizela.pt\/site\/wp-json\/wp\/v2\/tags?post=5627"}],"curies":[{"name":"wp","href":"https:\/\/api.w.org\/{rel}","templated":true}]}}