{"id":5614,"date":"2018-10-15T22:55:04","date_gmt":"2018-10-15T21:55:04","guid":{"rendered":"http:\/\/www.bvvizela.pt\/site\/?p=5614"},"modified":"2018-10-15T23:02:04","modified_gmt":"2018-10-15T22:02:04","slug":"falecimento","status":"publish","type":"post","link":"https:\/\/www.bvvizela.pt\/site\/falecimento\/","title":{"rendered":"Falecimento"},"content":{"rendered":"<p><a href=\"http:\/\/www.bvvizela.pt\/site\/wp-content\/uploads\/Falencimento.jpg\"><img loading=\"lazy\" decoding=\"async\" class=\"aligncenter wp-image-5615\" src=\"http:\/\/www.bvvizela.pt\/site\/wp-content\/uploads\/Falencimento.jpg\" alt=\"\" width=\"414\" height=\"276\" srcset=\"https:\/\/www.bvvizela.pt\/site\/wp-content\/uploads\/Falencimento.jpg 750w, https:\/\/www.bvvizela.pt\/site\/wp-content\/uploads\/Falencimento-300x200.jpg 300w\" sizes=\"auto, (max-width: 414px) 100vw, 414px\" \/><\/a><\/p>\n<p>A Direc\u00e7\u00e3o e o Comando em nome da RAHBVV, v\u00eam por este meio apresentar o seu sentido pesar pelo falecimento do Senhor Jos\u00e9 Machado de Almeida, e endere\u00e7ar \u00e0 fam\u00edlia enlutada, as sentidas condol\u00eancias, pela perda do seu ente querido. O industrial natural de S. Martinho do Campo, \u00e9 desde longa data s\u00f3cio benem\u00e9rito da nossa Associa\u00e7\u00e3o, manifestamos o nosso sentimento de grata e eterna admira\u00e7\u00e3o em jeito de singela homenagem.<\/p>\n<p>Descanse em paz.<br \/>\nA Direc\u00e7\u00e3o \u2013 O Comando<\/p>\n","protected":false},"excerpt":{"rendered":"<p>A Direc\u00e7\u00e3o e o Comando em nome da RAHBVV, v\u00eam por este meio apresentar o seu sentido pesar pelo falecimento do Senhor Jos\u00e9 Machado de Almeida, e endere\u00e7ar \u00e0 fam\u00edlia enlutada, as sentidas condol\u00eancias, pela perda do seu ente querido.<\/p>\n","protected":false},"author":5,"featured_media":0,"comment_status":"open","ping_status":"closed","sticky":false,"template":"","format":"standard","meta":{"ngg_post_thumbnail":0,"footnotes":""},"categories":[1,4],"tags":[],"class_list":["post-5614","post","type-post","status-publish","format-standard","hentry","category-noticias","category-socios"],"_links":{"self":[{"href":"https:\/\/www.bvvizela.pt\/site\/wp-json\/wp\/v2\/posts\/5614","targetHints":{"allow":["GET"]}}],"collection":[{"href":"https:\/\/www.bvvizela.pt\/site\/wp-json\/wp\/v2\/posts"}],"about":[{"href":"https:\/\/www.bvvizela.pt\/site\/wp-json\/wp\/v2\/types\/post"}],"author":[{"embeddable":true,"href":"https:\/\/www.bvvizela.pt\/site\/wp-json\/wp\/v2\/users\/5"}],"replies":[{"embeddable":true,"href":"https:\/\/www.bvvizela.pt\/site\/wp-json\/wp\/v2\/comments?post=5614"}],"version-history":[{"count":2,"href":"https:\/\/www.bvvizela.pt\/site\/wp-json\/wp\/v2\/posts\/5614\/revisions"}],"predecessor-version":[{"id":5617,"href":"https:\/\/www.bvvizela.pt\/site\/wp-json\/wp\/v2\/posts\/5614\/revisions\/5617"}],"wp:attachment":[{"href":"https:\/\/www.bvvizela.pt\/site\/wp-json\/wp\/v2\/media?parent=5614"}],"wp:term":[{"taxonomy":"category","embeddable":true,"href":"https:\/\/www.bvvizela.pt\/site\/wp-json\/wp\/v2\/categories?post=5614"},{"taxonomy":"post_tag","embeddable":true,"href":"https:\/\/www.bvvizela.pt\/site\/wp-json\/wp\/v2\/tags?post=5614"}],"curies":[{"name":"wp","href":"https:\/\/api.w.org\/{rel}","templated":true}]}}