{"id":5605,"date":"2018-10-10T13:34:29","date_gmt":"2018-10-10T12:34:29","guid":{"rendered":"http:\/\/www.bvvizela.pt\/site\/?p=5605"},"modified":"2018-10-10T13:34:29","modified_gmt":"2018-10-10T12:34:29","slug":"comunicado-3","status":"publish","type":"post","link":"https:\/\/www.bvvizela.pt\/site\/comunicado-3\/","title":{"rendered":"Comunicado"},"content":{"rendered":"<p>Caros Associados,<\/p>\n<p>A Real Associa\u00e7\u00e3o Humanit\u00e1ria de Bombeiros Volunt\u00e1rios de Vizela rege-se pelos seus Estatutos.<\/p>\n<p>Possui, na sua org\u00e2nica, mandatos de 3 anos, e os seus \u00d3rg\u00e3os Sociais, administradores da vida e futuro da Associa\u00e7\u00e3o, s\u00e3o eleitos por voto.<\/p>\n<p>Aos associados, cabe-lhes o direito, e mais ainda, o dever de fazerem parte dessa vida e desse futuro da Associa\u00e7\u00e3o.<\/p>\n<p>No pr\u00f3ximo s\u00e1bado, dia 13 de outubro, entre as 10h00 e as 18h00, no Quartel dos Bombeiros, h\u00e1 elei\u00e7\u00f5es para o pr\u00f3ximo mandato de 2018 a 2021.<\/p>\n<p>Por isso, n\u00e3o falte ao ato eleitoral. VOTE! A sua participa\u00e7\u00e3o transmite responsabilidade, mas tamb\u00e9m, confere aos bombeiros e seus \u00d3rg\u00e3os Sociais, confian\u00e7a naqueles que, democraticamente, acredita.<\/p>\n<p>Colabore e fa\u00e7a parte do presente e do futuro da RAHBVV.<\/p>\n<p>Contamos consigo!<\/p>\n<p>&nbsp;<\/p>\n<p><em>Jos\u00e9 Manuel Silva Pires<\/em><\/p>\n<p>Presidente da Dire\u00e7\u00e3o da RAHBVV<\/p>\n","protected":false},"excerpt":{"rendered":"<p>Caros Associados, A Real Associa\u00e7\u00e3o Humanit\u00e1ria de Bombeiros Volunt\u00e1rios de Vizela rege-se pelos seus Estatutos. Possui, na sua org\u00e2nica, mandatos de 3 anos, e os seus \u00d3rg\u00e3os Sociais, administradores da vida e futuro da Associa\u00e7\u00e3o, s\u00e3o eleitos por voto. Aos<\/p>\n","protected":false},"author":5,"featured_media":0,"comment_status":"open","ping_status":"closed","sticky":false,"template":"","format":"standard","meta":{"ngg_post_thumbnail":0,"footnotes":""},"categories":[1,4],"tags":[],"class_list":["post-5605","post","type-post","status-publish","format-standard","hentry","category-noticias","category-socios"],"_links":{"self":[{"href":"https:\/\/www.bvvizela.pt\/site\/wp-json\/wp\/v2\/posts\/5605","targetHints":{"allow":["GET"]}}],"collection":[{"href":"https:\/\/www.bvvizela.pt\/site\/wp-json\/wp\/v2\/posts"}],"about":[{"href":"https:\/\/www.bvvizela.pt\/site\/wp-json\/wp\/v2\/types\/post"}],"author":[{"embeddable":true,"href":"https:\/\/www.bvvizela.pt\/site\/wp-json\/wp\/v2\/users\/5"}],"replies":[{"embeddable":true,"href":"https:\/\/www.bvvizela.pt\/site\/wp-json\/wp\/v2\/comments?post=5605"}],"version-history":[{"count":2,"href":"https:\/\/www.bvvizela.pt\/site\/wp-json\/wp\/v2\/posts\/5605\/revisions"}],"predecessor-version":[{"id":5608,"href":"https:\/\/www.bvvizela.pt\/site\/wp-json\/wp\/v2\/posts\/5605\/revisions\/5608"}],"wp:attachment":[{"href":"https:\/\/www.bvvizela.pt\/site\/wp-json\/wp\/v2\/media?parent=5605"}],"wp:term":[{"taxonomy":"category","embeddable":true,"href":"https:\/\/www.bvvizela.pt\/site\/wp-json\/wp\/v2\/categories?post=5605"},{"taxonomy":"post_tag","embeddable":true,"href":"https:\/\/www.bvvizela.pt\/site\/wp-json\/wp\/v2\/tags?post=5605"}],"curies":[{"name":"wp","href":"https:\/\/api.w.org\/{rel}","templated":true}]}}