{"id":5593,"date":"2018-09-30T21:53:14","date_gmt":"2018-09-30T20:53:14","guid":{"rendered":"http:\/\/www.bvvizela.pt\/site\/?p=5593"},"modified":"2018-09-30T21:53:14","modified_gmt":"2018-09-30T20:53:14","slug":"aviso-a-populacao","status":"publish","type":"post","link":"https:\/\/www.bvvizela.pt\/site\/aviso-a-populacao\/","title":{"rendered":"AVISO \u00c0 POPULA\u00c7\u00c3O"},"content":{"rendered":"<p><a href=\"http:\/\/www.bvvizela.pt\/site\/wp-content\/uploads\/Aviso-\u00e0-Popula\u00e7\u00e3o-_-Perigo-de-Inc\u00eandio-Rural-_-medidas-preventivas-_-30-de-setembro-Braga.pdf\">Aviso \u00e0 Popula\u00e7\u00e3o _ Perigo de Inc\u00eandio Rural _ medidas preventivas _ 30 de setembro &#8211; Braga<\/a><\/p>\n","protected":false},"excerpt":{"rendered":"<p>Aviso \u00e0 Popula\u00e7\u00e3o _ Perigo de Inc\u00eandio Rural _ medidas preventivas _ 30 de setembro &#8211; Braga<\/p>\n","protected":false},"author":5,"featured_media":0,"comment_status":"open","ping_status":"closed","sticky":false,"template":"","format":"standard","meta":{"ngg_post_thumbnail":0,"footnotes":""},"categories":[1],"tags":[],"class_list":["post-5593","post","type-post","status-publish","format-standard","hentry","category-noticias"],"_links":{"self":[{"href":"https:\/\/www.bvvizela.pt\/site\/wp-json\/wp\/v2\/posts\/5593","targetHints":{"allow":["GET"]}}],"collection":[{"href":"https:\/\/www.bvvizela.pt\/site\/wp-json\/wp\/v2\/posts"}],"about":[{"href":"https:\/\/www.bvvizela.pt\/site\/wp-json\/wp\/v2\/types\/post"}],"author":[{"embeddable":true,"href":"https:\/\/www.bvvizela.pt\/site\/wp-json\/wp\/v2\/users\/5"}],"replies":[{"embeddable":true,"href":"https:\/\/www.bvvizela.pt\/site\/wp-json\/wp\/v2\/comments?post=5593"}],"version-history":[{"count":2,"href":"https:\/\/www.bvvizela.pt\/site\/wp-json\/wp\/v2\/posts\/5593\/revisions"}],"predecessor-version":[{"id":5596,"href":"https:\/\/www.bvvizela.pt\/site\/wp-json\/wp\/v2\/posts\/5593\/revisions\/5596"}],"wp:attachment":[{"href":"https:\/\/www.bvvizela.pt\/site\/wp-json\/wp\/v2\/media?parent=5593"}],"wp:term":[{"taxonomy":"category","embeddable":true,"href":"https:\/\/www.bvvizela.pt\/site\/wp-json\/wp\/v2\/categories?post=5593"},{"taxonomy":"post_tag","embeddable":true,"href":"https:\/\/www.bvvizela.pt\/site\/wp-json\/wp\/v2\/tags?post=5593"}],"curies":[{"name":"wp","href":"https:\/\/api.w.org\/{rel}","templated":true}]}}