{"id":5585,"date":"2018-09-17T12:40:13","date_gmt":"2018-09-17T11:40:13","guid":{"rendered":"http:\/\/www.bvvizela.pt\/site\/?p=5585"},"modified":"2018-09-17T12:40:13","modified_gmt":"2018-09-17T11:40:13","slug":"visita-do-centro-senior-santa-casa-da-misericordia-de-vizela","status":"publish","type":"post","link":"https:\/\/www.bvvizela.pt\/site\/visita-do-centro-senior-santa-casa-da-misericordia-de-vizela\/","title":{"rendered":"VISITA DO CENTRO S\u00c9NIOR &#8211; Santa Casa da Miseric\u00f3rdia de Vizela"},"content":{"rendered":"<p>No dia 11 de setembro, comemorou-se o dia do bombeiro profissional.<br \/>\nTivemos a honra de receber no quartel o centro s\u00e9nior da <a id=\"js_2hj\" href=\"https:\/\/www.facebook.com\/SCMVizela\/?hc_ref=ARSj3LBDZX6DkYuTzUDXpMSJcp60nqY0ofFjhMdioHO50CczHt-tdJmxmhfDAhthyk0&amp;fref=nf&amp;__xts__%5B0%5D=68.ARArqy6McxkjZZsWTdkxE_66U-kEzcEOqFTA0U6N8p2uF4mknd0sOH7KQebmj7Xj-RmGvbXj0bVaVfbpdVyfZqaSepEmiNJq8GCnTbTTSPHmqkMRqtUWwcPV4HYgHkFSKhWW_xfpHIc3bXV4Psjc6NVU_CpkuVY6KVApBo_u-GRzISGrkc6sPw&amp;__tn__=kC-R\" aria-describedby=\"js_2hi\" aria-owns=\"js_14g\" data-hovercard-referer=\"ARSj3LBDZX6DkYuTzUDXpMSJcp60nqY0ofFjhMdioHO50CczHt-tdJmxmhfDAhthyk0\" data-hovercard=\"\/ajax\/hovercard\/page.php?id=1211312608908941&amp;extragetparams=%7B%22hc_ref%22%3A%22ARSj3LBDZX6DkYuTzUDXpMSJcp60nqY0ofFjhMdioHO50CczHt-tdJmxmhfDAhthyk0%22%2C%22fref%22%3A%22nf%22%7D\" data-hovercard-prefer-more-content-show=\"1\" target=\"_blank\" rel=\"noopener\">Santa Casa da Miseric\u00f3rdia de Vizela.<\/a><\/p>\n<p>Agraciaram-nos com uma pequena lembran\u00e7a.<\/p>\n<p>OBRIGADO<\/p>\n<p><a href=\"http:\/\/www.bvvizela.pt\/site\/wp-content\/uploads\/IMG_20180916_115540.jpg\"><img loading=\"lazy\" decoding=\"async\" class=\"wp-image-5586 alignleft\" src=\"http:\/\/www.bvvizela.pt\/site\/wp-content\/uploads\/IMG_20180916_115540-206x300.jpg\" alt=\"\" width=\"321\" height=\"467\" srcset=\"https:\/\/www.bvvizela.pt\/site\/wp-content\/uploads\/IMG_20180916_115540-206x300.jpg 206w, https:\/\/www.bvvizela.pt\/site\/wp-content\/uploads\/IMG_20180916_115540.jpg 615w\" sizes=\"auto, (max-width: 321px) 100vw, 321px\" \/><\/a> <a href=\"http:\/\/www.bvvizela.pt\/site\/wp-content\/uploads\/IMG_20180916_115657.jpg\"><img loading=\"lazy\" decoding=\"async\" class=\"aligncenter  wp-image-5587\" src=\"http:\/\/www.bvvizela.pt\/site\/wp-content\/uploads\/IMG_20180916_115657-221x300.jpg\" alt=\"\" width=\"361\" height=\"490\" srcset=\"https:\/\/www.bvvizela.pt\/site\/wp-content\/uploads\/IMG_20180916_115657-221x300.jpg 221w, https:\/\/www.bvvizela.pt\/site\/wp-content\/uploads\/IMG_20180916_115657-768x1044.jpg 768w, https:\/\/www.bvvizela.pt\/site\/wp-content\/uploads\/IMG_20180916_115657.jpg 753w\" sizes=\"auto, (max-width: 361px) 100vw, 361px\" \/><\/a><\/p>\n","protected":false},"excerpt":{"rendered":"<p>No dia 11 de setembro, comemorou-se o dia do bombeiro profissional. Tivemos a honra de receber no quartel o centro s\u00e9nior da Santa Casa da Miseric\u00f3rdia de Vizela. Agraciaram-nos com uma pequena lembran\u00e7a. OBRIGADO<\/p>\n","protected":false},"author":5,"featured_media":0,"comment_status":"open","ping_status":"closed","sticky":false,"template":"","format":"standard","meta":{"ngg_post_thumbnail":0,"footnotes":""},"categories":[1],"tags":[],"class_list":["post-5585","post","type-post","status-publish","format-standard","hentry","category-noticias"],"_links":{"self":[{"href":"https:\/\/www.bvvizela.pt\/site\/wp-json\/wp\/v2\/posts\/5585","targetHints":{"allow":["GET"]}}],"collection":[{"href":"https:\/\/www.bvvizela.pt\/site\/wp-json\/wp\/v2\/posts"}],"about":[{"href":"https:\/\/www.bvvizela.pt\/site\/wp-json\/wp\/v2\/types\/post"}],"author":[{"embeddable":true,"href":"https:\/\/www.bvvizela.pt\/site\/wp-json\/wp\/v2\/users\/5"}],"replies":[{"embeddable":true,"href":"https:\/\/www.bvvizela.pt\/site\/wp-json\/wp\/v2\/comments?post=5585"}],"version-history":[{"count":3,"href":"https:\/\/www.bvvizela.pt\/site\/wp-json\/wp\/v2\/posts\/5585\/revisions"}],"predecessor-version":[{"id":5590,"href":"https:\/\/www.bvvizela.pt\/site\/wp-json\/wp\/v2\/posts\/5585\/revisions\/5590"}],"wp:attachment":[{"href":"https:\/\/www.bvvizela.pt\/site\/wp-json\/wp\/v2\/media?parent=5585"}],"wp:term":[{"taxonomy":"category","embeddable":true,"href":"https:\/\/www.bvvizela.pt\/site\/wp-json\/wp\/v2\/categories?post=5585"},{"taxonomy":"post_tag","embeddable":true,"href":"https:\/\/www.bvvizela.pt\/site\/wp-json\/wp\/v2\/tags?post=5585"}],"curies":[{"name":"wp","href":"https:\/\/api.w.org\/{rel}","templated":true}]}}