{"id":5578,"date":"2018-08-31T12:55:44","date_gmt":"2018-08-31T11:55:44","guid":{"rendered":"http:\/\/www.bvvizela.pt\/site\/?p=5578"},"modified":"2018-08-31T12:55:44","modified_gmt":"2018-08-31T11:55:44","slug":"eleicoes-afixacao-de-cadernos-eleitorais-2","status":"publish","type":"post","link":"https:\/\/www.bvvizela.pt\/site\/eleicoes-afixacao-de-cadernos-eleitorais-2\/","title":{"rendered":"Elei\u00e7\u00f5es &#8211; Afixa\u00e7\u00e3o de Cadernos Eleitorais"},"content":{"rendered":"<p>&nbsp;<\/p>\n<p><a href=\"http:\/\/www.bvvizela.pt\/site\/wp-content\/uploads\/logo.png\"><img loading=\"lazy\" decoding=\"async\" class=\"aligncenter size-full wp-image-4521\" src=\"http:\/\/www.bvvizela.pt\/site\/wp-content\/uploads\/logo.png\" alt=\"Log\u00f3tipo Bombeiros Volunt\u00e1rios de Vizela\" width=\"200\" height=\"200\" srcset=\"https:\/\/www.bvvizela.pt\/site\/wp-content\/uploads\/logo.png 200w, https:\/\/www.bvvizela.pt\/site\/wp-content\/uploads\/logo-150x150.png 150w\" sizes=\"auto, (max-width: 200px) 100vw, 200px\" \/><\/a><\/p>\n<p>&nbsp;<\/p>\n<p style=\"text-align: center;\"><strong>Real Associa\u00e7\u00e3o Humanit\u00e1ria de Bombeiros Volunt\u00e1rios de Vizela<\/strong><\/p>\n<p style=\"text-align: center;\"><strong>Elei\u00e7\u00f5es dos \u00d3rg\u00e3os Sociais para o Tri\u00e9nio 2018\/2021<\/strong><\/p>\n<p style=\"text-align: center;\"><strong>AFIXA\u00c7\u00c3O DE CADERNOS ELEITORAIS<\/strong><\/p>\n<p style=\"text-align: center;\"><strong>\u00a0<\/strong><\/p>\n<p style=\"text-align: center;\"><strong>Dando cumprimento ao disposto no Art\u00ba 4\u00ba Nr. 1 do Regulamento Eleitoral da RAHBVV e para os efeitos nele previstos, a Mesa da Assembleia Geral faz saber que:<\/strong><\/p>\n<ul style=\"text-align: center;\">\n<li><strong>Est\u00e3o dispon\u00edveis para consulta os Cadernos Eleitorais com vista \u00e0s elei\u00e7\u00f5es para o mandato de 2018\/2021.<\/strong><\/li>\n<li><strong>Os referidos cadernos est\u00e3o afixados nos locais habituais, neste caso, nas instala\u00e7\u00f5es administrativas e operacionais da RAHBVV e, bem assim, disponibilizados no s\u00edtio da internet da RAHBVV &#8211; <a href=\"http:\/\/www.bvvizela.pt\/\">www.bvvizela.pt<\/a><\/strong><\/li>\n<\/ul>\n<p style=\"text-align: center;\"><strong>Ainda, conforme disposto no Art\u00ba 4\u00ba Nr.2 do Regulamento Eleitoral, das eventuais irregularidades dos cadernos eleitorais, poder\u00e1 qualquer associado, desde que no pleno gozo dos seus direitos, reclamar para a Mesa da Assembleia Geral at\u00e9 ao dia quinze de Setembro de 2018.<\/strong><\/p>\n<p style=\"text-align: center;\"><strong>Vizela, 31 de Agosto de 2018,<\/strong><\/p>\n<p style=\"text-align: center;\"><strong>A Mesa da Assembleia Geral,<\/strong><\/p>\n<p><b>ANEXO:<\/b><\/p>\n<p><a href=\"http:\/\/www.bvvizela.pt\/site\/wp-content\/uploads\/Caderno-Eleitoral.pdf\">Caderno Eleitoral<\/a><\/p>\n","protected":false},"excerpt":{"rendered":"<p>&nbsp; &nbsp; Real Associa\u00e7\u00e3o Humanit\u00e1ria de Bombeiros Volunt\u00e1rios de Vizela Elei\u00e7\u00f5es dos \u00d3rg\u00e3os Sociais para o Tri\u00e9nio 2018\/2021 AFIXA\u00c7\u00c3O DE CADERNOS ELEITORAIS \u00a0 Dando cumprimento ao disposto no Art\u00ba 4\u00ba Nr. 1 do Regulamento Eleitoral da RAHBVV e para os<\/p>\n","protected":false},"author":5,"featured_media":0,"comment_status":"open","ping_status":"closed","sticky":false,"template":"","format":"standard","meta":{"ngg_post_thumbnail":0,"footnotes":""},"categories":[3,1,4],"tags":[],"class_list":["post-5578","post","type-post","status-publish","format-standard","hentry","category-destaques","category-noticias","category-socios"],"_links":{"self":[{"href":"https:\/\/www.bvvizela.pt\/site\/wp-json\/wp\/v2\/posts\/5578","targetHints":{"allow":["GET"]}}],"collection":[{"href":"https:\/\/www.bvvizela.pt\/site\/wp-json\/wp\/v2\/posts"}],"about":[{"href":"https:\/\/www.bvvizela.pt\/site\/wp-json\/wp\/v2\/types\/post"}],"author":[{"embeddable":true,"href":"https:\/\/www.bvvizela.pt\/site\/wp-json\/wp\/v2\/users\/5"}],"replies":[{"embeddable":true,"href":"https:\/\/www.bvvizela.pt\/site\/wp-json\/wp\/v2\/comments?post=5578"}],"version-history":[{"count":2,"href":"https:\/\/www.bvvizela.pt\/site\/wp-json\/wp\/v2\/posts\/5578\/revisions"}],"predecessor-version":[{"id":5582,"href":"https:\/\/www.bvvizela.pt\/site\/wp-json\/wp\/v2\/posts\/5578\/revisions\/5582"}],"wp:attachment":[{"href":"https:\/\/www.bvvizela.pt\/site\/wp-json\/wp\/v2\/media?parent=5578"}],"wp:term":[{"taxonomy":"category","embeddable":true,"href":"https:\/\/www.bvvizela.pt\/site\/wp-json\/wp\/v2\/categories?post=5578"},{"taxonomy":"post_tag","embeddable":true,"href":"https:\/\/www.bvvizela.pt\/site\/wp-json\/wp\/v2\/tags?post=5578"}],"curies":[{"name":"wp","href":"https:\/\/api.w.org\/{rel}","templated":true}]}}