{"id":5572,"date":"2018-08-21T14:50:17","date_gmt":"2018-08-21T13:50:17","guid":{"rendered":"http:\/\/www.bvvizela.pt\/site\/?p=5572"},"modified":"2018-08-21T15:09:36","modified_gmt":"2018-08-21T14:09:36","slug":"comunicado-2","status":"publish","type":"post","link":"https:\/\/www.bvvizela.pt\/site\/comunicado-2\/","title":{"rendered":"COMUNICADO"},"content":{"rendered":"<p>A Dire\u00e7\u00e3o e o Comando em nome da RAHBVV, v\u00eam por este meio apresentar o seu sentido pesar pelo falecimento do Senhor Manuel Campelos, em\u00e9rito e incans\u00e1vel lutador das Causas de Vizela e endere\u00e7ar \u00e0 fam\u00edlia enlutada, as plangentes condol\u00eancias, pela perda do seu ente querido. Cessam as palavras e fica apenas o nosso sentimento de grata e eterna admira\u00e7\u00e3o em jeito de singela homenagem. Descanse em paz.<br \/>\nA Dire\u00e7\u00e3o &#8211; O Comando<\/p>\n<p><a href=\"http:\/\/www.bvvizela.pt\/site\/wp-content\/uploads\/FN.jpg\"><img loading=\"lazy\" decoding=\"async\" class=\"aligncenter size-medium wp-image-5573\" src=\"http:\/\/www.bvvizela.pt\/site\/wp-content\/uploads\/FN-300x196.jpg\" alt=\"\" width=\"300\" height=\"196\" srcset=\"https:\/\/www.bvvizela.pt\/site\/wp-content\/uploads\/FN-300x196.jpg 300w, https:\/\/www.bvvizela.pt\/site\/wp-content\/uploads\/FN.jpg 640w\" sizes=\"auto, (max-width: 300px) 100vw, 300px\" \/><\/a><\/p>\n","protected":false},"excerpt":{"rendered":"<p>A Dire\u00e7\u00e3o e o Comando em nome da RAHBVV, v\u00eam por este meio apresentar o seu sentido pesar pelo falecimento do Senhor Manuel Campelos, em\u00e9rito e incans\u00e1vel lutador das Causas de Vizela e endere\u00e7ar \u00e0 fam\u00edlia enlutada, as plangentes condol\u00eancias,<\/p>\n","protected":false},"author":5,"featured_media":0,"comment_status":"open","ping_status":"closed","sticky":false,"template":"","format":"standard","meta":{"ngg_post_thumbnail":0,"footnotes":""},"categories":[3,1],"tags":[],"class_list":["post-5572","post","type-post","status-publish","format-standard","hentry","category-destaques","category-noticias"],"_links":{"self":[{"href":"https:\/\/www.bvvizela.pt\/site\/wp-json\/wp\/v2\/posts\/5572","targetHints":{"allow":["GET"]}}],"collection":[{"href":"https:\/\/www.bvvizela.pt\/site\/wp-json\/wp\/v2\/posts"}],"about":[{"href":"https:\/\/www.bvvizela.pt\/site\/wp-json\/wp\/v2\/types\/post"}],"author":[{"embeddable":true,"href":"https:\/\/www.bvvizela.pt\/site\/wp-json\/wp\/v2\/users\/5"}],"replies":[{"embeddable":true,"href":"https:\/\/www.bvvizela.pt\/site\/wp-json\/wp\/v2\/comments?post=5572"}],"version-history":[{"count":3,"href":"https:\/\/www.bvvizela.pt\/site\/wp-json\/wp\/v2\/posts\/5572\/revisions"}],"predecessor-version":[{"id":5575,"href":"https:\/\/www.bvvizela.pt\/site\/wp-json\/wp\/v2\/posts\/5572\/revisions\/5575"}],"wp:attachment":[{"href":"https:\/\/www.bvvizela.pt\/site\/wp-json\/wp\/v2\/media?parent=5572"}],"wp:term":[{"taxonomy":"category","embeddable":true,"href":"https:\/\/www.bvvizela.pt\/site\/wp-json\/wp\/v2\/categories?post=5572"},{"taxonomy":"post_tag","embeddable":true,"href":"https:\/\/www.bvvizela.pt\/site\/wp-json\/wp\/v2\/tags?post=5572"}],"curies":[{"name":"wp","href":"https:\/\/api.w.org\/{rel}","templated":true}]}}