{"id":5559,"date":"2018-06-18T14:19:14","date_gmt":"2018-06-18T13:19:14","guid":{"rendered":"http:\/\/www.bvvizela.pt\/site\/?p=5559"},"modified":"2018-06-18T14:19:34","modified_gmt":"2018-06-18T13:19:34","slug":"junta-de-freguesia-de-moreira-associa-se","status":"publish","type":"post","link":"https:\/\/www.bvvizela.pt\/site\/junta-de-freguesia-de-moreira-associa-se\/","title":{"rendered":"JUNTA DE FREGUESIA DE MOREIRA DE C\u00d3NEGOS ASSOCIA-SE"},"content":{"rendered":"<p>A Junta de freguesia da Vila de Moreira de C\u00f3negos associa-se \u00e0 GRANDE FAM\u00cdLIA DOS BOMBEIROS DE VIZELA.<\/p>\n<p>Mais do que um apoio \u00e9 uma honra fazer parte da nossa nobre causa.<\/p>\n<p><a href=\"http:\/\/www.bvvizela.pt\/site\/wp-content\/uploads\/moreira-8.jpg\"><img loading=\"lazy\" decoding=\"async\" class=\"size-medium wp-image-5551 alignleft\" src=\"http:\/\/www.bvvizela.pt\/site\/wp-content\/uploads\/moreira-8-225x300.jpg\" alt=\"\" width=\"225\" height=\"300\" srcset=\"https:\/\/www.bvvizela.pt\/site\/wp-content\/uploads\/moreira-8-225x300.jpg 225w, https:\/\/www.bvvizela.pt\/site\/wp-content\/uploads\/moreira-8.jpg 280w\" sizes=\"auto, (max-width: 225px) 100vw, 225px\" \/><\/a> <a href=\"http:\/\/www.bvvizela.pt\/site\/wp-content\/uploads\/moreira-9.jpg\"><img loading=\"lazy\" decoding=\"async\" class=\"size-medium wp-image-5552 alignleft\" src=\"http:\/\/www.bvvizela.pt\/site\/wp-content\/uploads\/moreira-9-225x300.jpg\" alt=\"\" width=\"225\" height=\"300\" srcset=\"https:\/\/www.bvvizela.pt\/site\/wp-content\/uploads\/moreira-9-225x300.jpg 225w, https:\/\/www.bvvizela.pt\/site\/wp-content\/uploads\/moreira-9.jpg 280w\" sizes=\"auto, (max-width: 225px) 100vw, 225px\" \/><\/a><\/p>\n","protected":false},"excerpt":{"rendered":"<p>A Junta de freguesia da Vila de Moreira de C\u00f3negos associa-se \u00e0 GRANDE FAM\u00cdLIA DOS BOMBEIROS DE VIZELA. Mais do que um apoio \u00e9 uma honra fazer parte da nossa nobre causa.<\/p>\n","protected":false},"author":5,"featured_media":0,"comment_status":"open","ping_status":"closed","sticky":false,"template":"","format":"standard","meta":{"ngg_post_thumbnail":0,"footnotes":""},"categories":[1],"tags":[],"class_list":["post-5559","post","type-post","status-publish","format-standard","hentry","category-noticias"],"_links":{"self":[{"href":"https:\/\/www.bvvizela.pt\/site\/wp-json\/wp\/v2\/posts\/5559","targetHints":{"allow":["GET"]}}],"collection":[{"href":"https:\/\/www.bvvizela.pt\/site\/wp-json\/wp\/v2\/posts"}],"about":[{"href":"https:\/\/www.bvvizela.pt\/site\/wp-json\/wp\/v2\/types\/post"}],"author":[{"embeddable":true,"href":"https:\/\/www.bvvizela.pt\/site\/wp-json\/wp\/v2\/users\/5"}],"replies":[{"embeddable":true,"href":"https:\/\/www.bvvizela.pt\/site\/wp-json\/wp\/v2\/comments?post=5559"}],"version-history":[{"count":3,"href":"https:\/\/www.bvvizela.pt\/site\/wp-json\/wp\/v2\/posts\/5559\/revisions"}],"predecessor-version":[{"id":5562,"href":"https:\/\/www.bvvizela.pt\/site\/wp-json\/wp\/v2\/posts\/5559\/revisions\/5562"}],"wp:attachment":[{"href":"https:\/\/www.bvvizela.pt\/site\/wp-json\/wp\/v2\/media?parent=5559"}],"wp:term":[{"taxonomy":"category","embeddable":true,"href":"https:\/\/www.bvvizela.pt\/site\/wp-json\/wp\/v2\/categories?post=5559"},{"taxonomy":"post_tag","embeddable":true,"href":"https:\/\/www.bvvizela.pt\/site\/wp-json\/wp\/v2\/tags?post=5559"}],"curies":[{"name":"wp","href":"https:\/\/api.w.org\/{rel}","templated":true}]}}