{"id":5537,"date":"2018-06-17T16:35:11","date_gmt":"2018-06-17T15:35:11","guid":{"rendered":"http:\/\/www.bvvizela.pt\/site\/?p=5537"},"modified":"2018-06-18T14:12:58","modified_gmt":"2018-06-18T13:12:58","slug":"distincao-aos-bombeiros-de-moreira-de-conegos","status":"publish","type":"post","link":"https:\/\/www.bvvizela.pt\/site\/distincao-aos-bombeiros-de-moreira-de-conegos\/","title":{"rendered":"Distin\u00e7\u00e3o aos bombeiros de Moreira de C\u00f3negos"},"content":{"rendered":"<p>Distin\u00e7\u00e3o aos bombeiros de Moreira de Conegos efetuada hoje, no dia do 23 anivers\u00e1rio da eleva\u00e7\u00e3o a vila, pela Junta de Freguesia de Moreira de Conegos. Gesto nobre.<\/p>\n<p>Fica a nossa reconhecida gratid\u00e3o.<\/p>\n<p>Jos\u00e9 M Pires<\/p>\n<div id='gallery-1' class='gallery galleryid-5537 gallery-columns-4 gallery-size-medium'><figure class='gallery-item'>\n\t\t\t<div class='gallery-icon portrait'>\n\t\t\t\t<a href='https:\/\/www.bvvizela.pt\/site\/wp-content\/uploads\/moreira-1.jpg'><img loading=\"lazy\" decoding=\"async\" width=\"225\" height=\"300\" src=\"https:\/\/www.bvvizela.pt\/site\/wp-content\/uploads\/moreira-1-225x300.jpg\" class=\"attachment-medium size-medium\" alt=\"\" srcset=\"https:\/\/www.bvvizela.pt\/site\/wp-content\/uploads\/moreira-1-225x300.jpg 225w, https:\/\/www.bvvizela.pt\/site\/wp-content\/uploads\/moreira-1.jpg 280w\" sizes=\"auto, (max-width: 225px) 100vw, 225px\" \/><\/a>\n\t\t\t<\/div><\/figure><figure class='gallery-item'>\n\t\t\t<div class='gallery-icon portrait'>\n\t\t\t\t<a href='https:\/\/www.bvvizela.pt\/site\/wp-content\/uploads\/moreira-3.jpg'><img loading=\"lazy\" decoding=\"async\" width=\"225\" height=\"300\" src=\"https:\/\/www.bvvizela.pt\/site\/wp-content\/uploads\/moreira-3-225x300.jpg\" class=\"attachment-medium size-medium\" alt=\"\" srcset=\"https:\/\/www.bvvizela.pt\/site\/wp-content\/uploads\/moreira-3-225x300.jpg 225w, https:\/\/www.bvvizela.pt\/site\/wp-content\/uploads\/moreira-3.jpg 280w\" sizes=\"auto, (max-width: 225px) 100vw, 225px\" \/><\/a>\n\t\t\t<\/div><\/figure><figure class='gallery-item'>\n\t\t\t<div class='gallery-icon portrait'>\n\t\t\t\t<a href='https:\/\/www.bvvizela.pt\/site\/wp-content\/uploads\/moreira-4.jpg'><img loading=\"lazy\" decoding=\"async\" width=\"225\" height=\"300\" src=\"https:\/\/www.bvvizela.pt\/site\/wp-content\/uploads\/moreira-4-225x300.jpg\" class=\"attachment-medium size-medium\" alt=\"\" srcset=\"https:\/\/www.bvvizela.pt\/site\/wp-content\/uploads\/moreira-4-225x300.jpg 225w, https:\/\/www.bvvizela.pt\/site\/wp-content\/uploads\/moreira-4.jpg 280w\" sizes=\"auto, (max-width: 225px) 100vw, 225px\" \/><\/a>\n\t\t\t<\/div><\/figure><figure class='gallery-item'>\n\t\t\t<div class='gallery-icon portrait'>\n\t\t\t\t<a href='https:\/\/www.bvvizela.pt\/site\/wp-content\/uploads\/moreira-6.jpg'><img loading=\"lazy\" decoding=\"async\" width=\"225\" height=\"300\" src=\"https:\/\/www.bvvizela.pt\/site\/wp-content\/uploads\/moreira-6-225x300.jpg\" class=\"attachment-medium size-medium\" alt=\"\" srcset=\"https:\/\/www.bvvizela.pt\/site\/wp-content\/uploads\/moreira-6-225x300.jpg 225w, https:\/\/www.bvvizela.pt\/site\/wp-content\/uploads\/moreira-6.jpg 280w\" sizes=\"auto, (max-width: 225px) 100vw, 225px\" \/><\/a>\n\t\t\t<\/div><\/figure><figure class='gallery-item'>\n\t\t\t<div class='gallery-icon portrait'>\n\t\t\t\t<a href='https:\/\/www.bvvizela.pt\/site\/wp-content\/uploads\/moreira-7.jpg'><img loading=\"lazy\" decoding=\"async\" width=\"225\" height=\"300\" src=\"https:\/\/www.bvvizela.pt\/site\/wp-content\/uploads\/moreira-7-225x300.jpg\" class=\"attachment-medium size-medium\" alt=\"\" srcset=\"https:\/\/www.bvvizela.pt\/site\/wp-content\/uploads\/moreira-7-225x300.jpg 225w, https:\/\/www.bvvizela.pt\/site\/wp-content\/uploads\/moreira-7.jpg 280w\" sizes=\"auto, (max-width: 225px) 100vw, 225px\" \/><\/a>\n\t\t\t<\/div><\/figure><figure class='gallery-item'>\n\t\t\t<div class='gallery-icon portrait'>\n\t\t\t\t<a href='https:\/\/www.bvvizela.pt\/site\/wp-content\/uploads\/moreira-10.jpg'><img loading=\"lazy\" decoding=\"async\" width=\"225\" height=\"300\" src=\"https:\/\/www.bvvizela.pt\/site\/wp-content\/uploads\/moreira-10-225x300.jpg\" class=\"attachment-medium size-medium\" alt=\"\" srcset=\"https:\/\/www.bvvizela.pt\/site\/wp-content\/uploads\/moreira-10-225x300.jpg 225w, https:\/\/www.bvvizela.pt\/site\/wp-content\/uploads\/moreira-10.jpg 280w\" sizes=\"auto, (max-width: 225px) 100vw, 225px\" \/><\/a>\n\t\t\t<\/div><\/figure><figure class='gallery-item'>\n\t\t\t<div class='gallery-icon landscape'>\n\t\t\t\t<a href='https:\/\/www.bvvizela.pt\/site\/wp-content\/uploads\/moreira.jpg'><img loading=\"lazy\" decoding=\"async\" width=\"300\" height=\"225\" src=\"https:\/\/www.bvvizela.pt\/site\/wp-content\/uploads\/moreira-300x225.jpg\" class=\"attachment-medium size-medium\" alt=\"\" srcset=\"https:\/\/www.bvvizela.pt\/site\/wp-content\/uploads\/moreira-300x225.jpg 300w, https:\/\/www.bvvizela.pt\/site\/wp-content\/uploads\/moreira.jpg 373w\" sizes=\"auto, (max-width: 300px) 100vw, 300px\" \/><\/a>\n\t\t\t<\/div><\/figure>\n\t\t<\/div>\n\n","protected":false},"excerpt":{"rendered":"<p>Distin\u00e7\u00e3o aos bombeiros de Moreira de Conegos efetuada hoje, no dia do 23 anivers\u00e1rio da eleva\u00e7\u00e3o a vila, pela Junta de Freguesia de Moreira de Conegos. Gesto nobre. Fica a nossa reconhecida gratid\u00e3o. Jos\u00e9 M Pires<\/p>\n","protected":false},"author":5,"featured_media":0,"comment_status":"open","ping_status":"closed","sticky":false,"template":"","format":"standard","meta":{"ngg_post_thumbnail":0,"footnotes":""},"categories":[1],"tags":[],"class_list":["post-5537","post","type-post","status-publish","format-standard","hentry","category-noticias"],"_links":{"self":[{"href":"https:\/\/www.bvvizela.pt\/site\/wp-json\/wp\/v2\/posts\/5537","targetHints":{"allow":["GET"]}}],"collection":[{"href":"https:\/\/www.bvvizela.pt\/site\/wp-json\/wp\/v2\/posts"}],"about":[{"href":"https:\/\/www.bvvizela.pt\/site\/wp-json\/wp\/v2\/types\/post"}],"author":[{"embeddable":true,"href":"https:\/\/www.bvvizela.pt\/site\/wp-json\/wp\/v2\/users\/5"}],"replies":[{"embeddable":true,"href":"https:\/\/www.bvvizela.pt\/site\/wp-json\/wp\/v2\/comments?post=5537"}],"version-history":[{"count":4,"href":"https:\/\/www.bvvizela.pt\/site\/wp-json\/wp\/v2\/posts\/5537\/revisions"}],"predecessor-version":[{"id":5558,"href":"https:\/\/www.bvvizela.pt\/site\/wp-json\/wp\/v2\/posts\/5537\/revisions\/5558"}],"wp:attachment":[{"href":"https:\/\/www.bvvizela.pt\/site\/wp-json\/wp\/v2\/media?parent=5537"}],"wp:term":[{"taxonomy":"category","embeddable":true,"href":"https:\/\/www.bvvizela.pt\/site\/wp-json\/wp\/v2\/categories?post=5537"},{"taxonomy":"post_tag","embeddable":true,"href":"https:\/\/www.bvvizela.pt\/site\/wp-json\/wp\/v2\/tags?post=5537"}],"curies":[{"name":"wp","href":"https:\/\/api.w.org\/{rel}","templated":true}]}}