{"id":5532,"date":"2018-06-17T16:23:27","date_gmt":"2018-06-17T15:23:27","guid":{"rendered":"http:\/\/www.bvvizela.pt\/site\/?p=5532"},"modified":"2018-06-17T16:23:27","modified_gmt":"2018-06-17T15:23:27","slug":"visita-guiada-ao-museu","status":"publish","type":"post","link":"https:\/\/www.bvvizela.pt\/site\/visita-guiada-ao-museu\/","title":{"rendered":"VISITA GUIADA AO MUSEU"},"content":{"rendered":"<p>No passado dia 29 maio recebemos um grupo de utentes e funcion\u00e1rias do Centro Social e Paroquial de Santa Eul\u00e1lia para uma visita guiada ao museu desta associa\u00e7\u00e3o, visita essa inserida num roteiro cultural, Projecto &#8221; Circuito Patrimonial&#8221;.<a href=\"http:\/\/www.bvvizela.pt\/site\/wp-content\/uploads\/vg2.jpg\"><img loading=\"lazy\" decoding=\"async\" class=\"size-medium wp-image-5531 aligncenter\" src=\"http:\/\/www.bvvizela.pt\/site\/wp-content\/uploads\/vg2-300x225.jpg\" alt=\"\" width=\"300\" height=\"225\" srcset=\"https:\/\/www.bvvizela.pt\/site\/wp-content\/uploads\/vg2-300x225.jpg 300w, https:\/\/www.bvvizela.pt\/site\/wp-content\/uploads\/vg2-768x576.jpg 768w, https:\/\/www.bvvizela.pt\/site\/wp-content\/uploads\/vg2.jpg 960w\" sizes=\"auto, (max-width: 300px) 100vw, 300px\" \/><\/a> <a href=\"http:\/\/www.bvvizela.pt\/site\/wp-content\/uploads\/vg1.jpg\"><img loading=\"lazy\" decoding=\"async\" class=\"size-medium wp-image-5529 alignright\" src=\"http:\/\/www.bvvizela.pt\/site\/wp-content\/uploads\/vg1-300x225.jpg\" alt=\"\" width=\"300\" height=\"225\" srcset=\"https:\/\/www.bvvizela.pt\/site\/wp-content\/uploads\/vg1-300x225.jpg 300w, https:\/\/www.bvvizela.pt\/site\/wp-content\/uploads\/vg1-768x576.jpg 768w, https:\/\/www.bvvizela.pt\/site\/wp-content\/uploads\/vg1.jpg 960w\" sizes=\"auto, (max-width: 300px) 100vw, 300px\" \/><\/a> <a href=\"http:\/\/www.bvvizela.pt\/site\/wp-content\/uploads\/vg-1.jpg\"><img loading=\"lazy\" decoding=\"async\" class=\"size-medium wp-image-5528 alignnone\" src=\"http:\/\/www.bvvizela.pt\/site\/wp-content\/uploads\/vg-1-300x225.jpg\" alt=\"\" width=\"300\" height=\"225\" srcset=\"https:\/\/www.bvvizela.pt\/site\/wp-content\/uploads\/vg-1-300x225.jpg 300w, https:\/\/www.bvvizela.pt\/site\/wp-content\/uploads\/vg-1-768x576.jpg 768w, https:\/\/www.bvvizela.pt\/site\/wp-content\/uploads\/vg-1.jpg 960w\" sizes=\"auto, (max-width: 300px) 100vw, 300px\" \/><\/a><\/p>\n<hr \/>\n<p>&nbsp;<\/p>\n","protected":false},"excerpt":{"rendered":"<p>No passado dia 29 maio recebemos um grupo de utentes e funcion\u00e1rias do Centro Social e Paroquial de Santa Eul\u00e1lia para uma visita guiada ao museu desta associa\u00e7\u00e3o, visita essa inserida num roteiro cultural, Projecto &#8221; Circuito Patrimonial&#8221;. &nbsp;<\/p>\n","protected":false},"author":5,"featured_media":0,"comment_status":"open","ping_status":"closed","sticky":false,"template":"","format":"gallery","meta":{"ngg_post_thumbnail":0,"footnotes":""},"categories":[3,1],"tags":[],"class_list":["post-5532","post","type-post","status-publish","format-gallery","hentry","category-destaques","category-noticias","post_format-post-format-gallery"],"_links":{"self":[{"href":"https:\/\/www.bvvizela.pt\/site\/wp-json\/wp\/v2\/posts\/5532","targetHints":{"allow":["GET"]}}],"collection":[{"href":"https:\/\/www.bvvizela.pt\/site\/wp-json\/wp\/v2\/posts"}],"about":[{"href":"https:\/\/www.bvvizela.pt\/site\/wp-json\/wp\/v2\/types\/post"}],"author":[{"embeddable":true,"href":"https:\/\/www.bvvizela.pt\/site\/wp-json\/wp\/v2\/users\/5"}],"replies":[{"embeddable":true,"href":"https:\/\/www.bvvizela.pt\/site\/wp-json\/wp\/v2\/comments?post=5532"}],"version-history":[{"count":2,"href":"https:\/\/www.bvvizela.pt\/site\/wp-json\/wp\/v2\/posts\/5532\/revisions"}],"predecessor-version":[{"id":5534,"href":"https:\/\/www.bvvizela.pt\/site\/wp-json\/wp\/v2\/posts\/5532\/revisions\/5534"}],"wp:attachment":[{"href":"https:\/\/www.bvvizela.pt\/site\/wp-json\/wp\/v2\/media?parent=5532"}],"wp:term":[{"taxonomy":"category","embeddable":true,"href":"https:\/\/www.bvvizela.pt\/site\/wp-json\/wp\/v2\/categories?post=5532"},{"taxonomy":"post_tag","embeddable":true,"href":"https:\/\/www.bvvizela.pt\/site\/wp-json\/wp\/v2\/tags?post=5532"}],"curies":[{"name":"wp","href":"https:\/\/api.w.org\/{rel}","templated":true}]}}